{"id":75661,"date":"2026-03-10T13:46:05","date_gmt":"2026-03-10T19:46:05","guid":{"rendered":"https:\/\/elconspirador.com.mx\/?p=75661"},"modified":"2026-03-10T13:46:05","modified_gmt":"2026-03-10T19:46:05","slug":"kuri-se-reune-con-federacion-de-trabajadores","status":"publish","type":"post","link":"https:\/\/elconspirador.com.mx\/?p=75661","title":{"rendered":"KURI SE RE\u00daNE CON FEDERACI\u00d3N DE TRABAJADORES"},"content":{"rendered":"<p class=\"s6\"><span class=\"s7\"><span class=\"bumpedFont15\">E<\/span><\/span><span class=\"s7\"><span class=\"bumpedFont15\">n materia laboral, <\/span><\/span><span class=\"s7\"><span class=\"bumpedFont15\">hoy Quer\u00e9taro tiene rumbo, resalt\u00f3 el gobernador, Mauricio Kuri Gonz\u00e1lez, al encabezar una reuni\u00f3n <\/span><\/span><span class=\"s7\"><span class=\"bumpedFont15\">con integrantes de la <\/span><\/span><span class=\"s7\"><span class=\"bumpedFont15\">Federaci\u00f3n de Trabajadores del Estado de Quer\u00e9taro <\/span><\/span><span class=\"s7\"><span class=\"bumpedFont15\">Registro <\/span><\/span><span class=\"s7\"><span class=\"bumpedFont15\">5415<\/span><\/span><span class=\"s7\"><span class=\"bumpedFont15\">, <\/span><\/span><span class=\"s7\"><span class=\"bumpedFont15\">e<\/span><\/span><span class=\"s7\"><span class=\"bumpedFont15\">ncuentro en el que<\/span><\/span><span class=\"s7\"><span class=\"bumpedFont15\">destac\u00f3 que <\/span><\/span><span class=\"s7\"><span class=\"bumpedFont15\">en <\/span><\/span><span class=\"s7\"><span class=\"bumpedFont15\">est<\/span><\/span><span class=\"s7\"><span class=\"bumpedFont15\">a entidad<\/span><\/span> <span class=\"s7\"><span class=\"bumpedFont15\">el di\u00e1logo entre los frentes patronales, sindicales y el gobierno es efectivo.<\/span><\/span><\/p>\n<p class=\"s6\">\n<p class=\"s6\"><span class=\"s7\"><span class=\"bumpedFont15\">Refiri\u00f3 que en <\/span><\/span><span class=\"s7\"><span class=\"bumpedFont15\">Quer\u00e9taro <\/span><\/span><span class=\"s7\"><span class=\"bumpedFont15\">se le apuesta <\/span><\/span><span class=\"s7\"><span class=\"bumpedFont15\">al orden, a la certeza jur\u00eddica y a la formalidad.<\/span><\/span><span class=\"s7\"><span class=\"bumpedFont15\"> Tambi\u00e9n se promueve<\/span><\/span><span class=\"s7\"><span class=\"bumpedFont15\"> el talento local, la mano de obra calificada y la especializaci\u00f3n.<\/span><\/span><span class=\"s7\"><span class=\"bumpedFont15\"> Aqu\u00ed, enfatiz\u00f3, <\/span><\/span><span class=\"s7\"><span class=\"bumpedFont15\">la buena marcha en generaci\u00f3n de empleos, atracci\u00f3n de inversiones y competitividad es resultado del trabajo de todas y todos.<\/span><\/span><\/p>\n<p class=\"s6\">\n<p class=\"s6\"><span class=\"s7\"><span class=\"bumpedFont15\">\u201cYo lo que les quiero decir a los sindicalistas, a los l\u00edderes, a los trabajadores, gracias, gracias por ayudarnos a hacer el mejor estado del pa\u00eds. Gracias por ayudarme a ir a Canad\u00e1, a Europa, y hablarle de t\u00fa <\/span><\/span><span class=\"s7\"><span class=\"bumpedFont15\">a t\u00fa <\/span><\/span><span class=\"s7\"><span class=\"bumpedFont15\">a cualquiera porque s\u00e9 que tenemos la mejor mano de obra en automotriz, en <\/span><\/span><span class=\"s7\"><span class=\"bumpedFont15\">aeroespacial<\/span><\/span><span class=\"s7\"><span class=\"bumpedFont15\">, en tecnolog\u00eda, en ingenier\u00eda. De verdad les digo, tenemos un gran estado. Cuid\u00e9moslo y por favor no nos pongamos un techo\u201d, apunt\u00f3.<\/span><\/span><\/p>\n<p class=\"s6\">\n<p class=\"s6\"><span class=\"s7\"><span class=\"bumpedFont15\">Se\u00f1al\u00f3 que esta es una tarea que le ha encomendado <\/span><\/span><span class=\"s7\"><span class=\"bumpedFont15\">a la titular de la Secretar\u00eda del Trabajo, Liliana San Mart\u00edn Castillo<\/span><\/span><span class=\"s7\"><span class=\"bumpedFont15\">, as\u00ed como a todo su equipo<\/span><\/span><span class=\"s7\"><span class=\"bumpedFont15\">, <\/span><\/span><span class=\"s7\"><span class=\"bumpedFont15\">favoreciendo un ambiente de respeto y libertad, en el que las y los trabajadores queretanos expresen sus inquietudes y sus demandas<\/span><\/span><span class=\"s7\"><span class=\"bumpedFont15\">; r<\/span><\/span><span class=\"s7\"><span class=\"bumpedFont15\">econociendo su liderazgo, as\u00ed como la labor que cad<\/span><\/span><span class=\"s7\"><span class=\"bumpedFont15\">a persona <\/span><\/span><span class=\"s7\"><span class=\"bumpedFont15\">realiza desde sus organizaciones<\/span><\/span><span class=\"s7\"><span class=\"bumpedFont15\">; y<\/span><\/span><span class=\"s7\"><span class=\"bumpedFont15\"> sumando coordinaci\u00f3n e interlocuci\u00f3n<\/span><\/span> <span class=\"s7\"><span class=\"bumpedFont15\">para emprender la defensa y la promoci\u00f3n de cada puesto de trabajo.<\/span><\/span><\/p>\n<p class=\"s6\">\n<p class=\"s6\"><span class=\"s7\"><span class=\"bumpedFont15\">El mandatario estatal<\/span><\/span><span class=\"s7\"><span class=\"bumpedFont15\"> invit\u00f3 al secretario general de la Federaci\u00f3n de Trabajadores del Estado de Quer\u00e9taro, <\/span><\/span><span class=\"s7\"><span class=\"bumpedFont15\">R<\/span><\/span><span class=\"s7\"><span class=\"bumpedFont15\">egistro 5415, H\u00e9ctor Torres, as\u00ed como a sus integrantes, a continuar avanzando con un rumbo claro: el del di\u00e1logo, el acuerdo y la estabilidad, factores que impulsan la generaci\u00f3n de empleos y la movilidad social, y que fortalecen la confianza en Quer\u00e9taro.<\/span><\/span><\/p>\n<p class=\"s6\">\n<p class=\"s6\"><span class=\"s7\"><span class=\"bumpedFont15\">Mauricio Kuri exhort\u00f3 a seguir trabajando por la productividad, al se\u00f1alar que Quer\u00e9taro debe continuar siendo esa punta de lanza que re\u00fane lo mejor del pa\u00eds. A\u00f1adi\u00f3 que la entidad debe mantenerse como un faro que marque la ruta de c\u00f3mo se tienen que hacer las cosas, <\/span><\/span><span class=\"s7\"><span class=\"bumpedFont15\">distinguiendo el <\/span><\/span><span class=\"s7\"><span class=\"bumpedFont15\">esfuerzo de las y los trabajadores.<\/span><\/span><\/p>\n<p class=\"s6\">\n<p class=\"s6\"><span class=\"s7\"><span class=\"bumpedFont15\">La secretaria del Trabajo, Liliana San Mart\u00edn Castillo,<\/span><\/span><span class=\"s7\"><span class=\"bumpedFont15\"> indic\u00f3 que e<\/span><\/span><span class=\"s7\"><span class=\"bumpedFont15\">l estado registra en la actualidad <\/span><\/span><span class=\"s7\"><span class=\"bumpedFont15\">m\u00e1s de 720 mil empleos formales ante el<\/span><\/span><span class=\"s7\"><span class=\"bumpedFont15\"> Instituto Mexicano del Seguro Social (<\/span><\/span><span class=\"s7\"><span class=\"bumpedFont15\">IMSS<\/span><\/span><span class=\"s7\"><span class=\"bumpedFont15\">)<\/span><\/span><span class=\"s7\"><span class=\"bumpedFont15\">, <\/span><\/span><span class=\"s7\"><span class=\"bumpedFont15\">posicion\u00e1ndolo <\/span><\/span><span class=\"s7\"><span class=\"bumpedFont15\">como un referente nacional en la generaci\u00f3n de empleo formal. Estos resultados<\/span><\/span><span class=\"s7\"><span class=\"bumpedFont15\">, dijo,<\/span><\/span><span class=\"s7\"><span class=\"bumpedFont15\">son producto de la confianza, de la inversi\u00f3n y, sobre todo, de la paz laboral<\/span><\/span><span class=\"s7\"><span class=\"bumpedFont15\">.<\/span><\/span><\/p>\n<p class=\"s6\">\n<p class=\"s6\"><span class=\"s7\"><span class=\"bumpedFont15\">San Mart\u00edn Castillo tambi\u00e9n habl\u00f3 de las mejoras laborales <\/span><\/span><span class=\"s7\"><span class=\"bumpedFont15\">y como ejemplo cit<\/span><\/span><span class=\"s7\"><span class=\"bumpedFont15\">\u00f3 que tan <\/span><\/span><span class=\"s7\"><span class=\"bumpedFont15\">s<\/span><\/span><span class=\"s7\"><span class=\"bumpedFont15\">olo<\/span><\/span><span class=\"s7\"><span class=\"bumpedFont15\"> en los procesos de revisi\u00f3n salarial y contractual de este a\u00f1o en 101 empresas, se han logrado incrementos promedio superiores al<\/span><\/span><span class=\"s7\"><span class=\"bumpedFont15\"> siete por ciento <\/span><\/span><span class=\"s7\"><span class=\"bumpedFont15\">en salarios y el 3.16 en prestaciones, beneficiando a m\u00e1s de 20 mil 919 trabajadoras y <\/span><\/span><span class=\"s7\"><span class=\"bumpedFont15\">trabajadores<\/span><\/span><span class=\"s7\"><span class=\"bumpedFont15\">.<\/span><\/span><span class=\"s7\"><span class=\"bumpedFont15\"> Asimismo, enfatiz\u00f3 que <\/span><\/span><span class=\"s7\"><span class=\"bumpedFont15\">la participaci\u00f3n de las mujeres en la vida econ\u00f3mica y laboral sigue creciendo<\/span><\/span><span class=\"s7\"><span class=\"bumpedFont15\"> y en la actualidad m\u00e1s<\/span><\/span><span class=\"s7\"><span class=\"bumpedFont15\"> de<\/span><\/span> <span class=\"s7\"><span class=\"bumpedFont15\">547 mil mujeres forman parte de la econom\u00eda queretana<\/span><\/span><span class=\"s7\"><span class=\"bumpedFont15\">.<\/span><\/span><\/p>\n<p class=\"s6\">\n<p class=\"s6\"><span class=\"s7\"><span class=\"bumpedFont15\">\u201c<\/span><\/span><span class=\"s7\"><span class=\"bumpedFont15\">Y en lo que a m\u00ed me ata\u00f1e, quiero defender mi compromiso desde la Secretar\u00eda del Trabajo impulsando acciones de liderazgo, no las m\u00edas, las suyas, que los movimientos sindicales como esta lucha que hace un momento nos antecedi\u00f3 como la reducci\u00f3n de la jornada laboral sea una realidad y sea la construcci\u00f3n de este esfuerzo, de este trabajo y de nuestro reconocimiento hacia todas y todos ustedes<\/span><\/span><span class=\"s7\"><span class=\"bumpedFont15\">\u201d, <\/span><\/span><span class=\"s7\"><span class=\"bumpedFont15\">expres\u00f3.<\/span><\/span><\/p>\n<p class=\"s6\">\n<p class=\"s6\"><span class=\"s7\"><span class=\"bumpedFont15\">Al tomar la palabra, el <\/span><\/span><span class=\"s7\"><span class=\"bumpedFont15\">secretario general de la Federaci\u00f3n <\/span><\/span><span class=\"s7\"><span class=\"bumpedFont15\">Regional <\/span><\/span><span class=\"s7\"><span class=\"bumpedFont15\">\u201cFernando <\/span><\/span><span class=\"s7\"><span class=\"bumpedFont15\">Amilpa<\/span><\/span><span class=\"s7\"><span class=\"bumpedFont15\">\u201d de Quer\u00e9taro, No\u00e9 Rojas L\u00f3pez,<\/span><\/span> <span class=\"s7\"><span class=\"bumpedFont15\">manifest\u00f3 que las<\/span><\/span><span class=\"s7\"><span class=\"bumpedFont15\"> y los trabajadores <\/span><\/span><span class=\"s7\"><span class=\"bumpedFont15\">han<\/span><\/span><span class=\"s7\"><span class=\"bumpedFont15\"> sido la base de desarrollo econ\u00f3mico, social y productivo de<\/span><\/span><span class=\"s7\"><span class=\"bumpedFont15\">l estado<\/span><\/span><span class=\"s7\"><span class=\"bumpedFont15\">. Cada f\u00e1brica, cada empresa, cada servicio que mueve a Quer\u00e9taro, <\/span><\/span><span class=\"s7\"><span class=\"bumpedFont15\">coment\u00f3<\/span><\/span><span class=\"s7\"><span class=\"bumpedFont15\">, <\/span><\/span><span class=\"s7\"><span class=\"bumpedFont15\">existe gracias al esfuerzo diario de miles de mujeres y hombres que trabajan con dignidad. <\/span><\/span><\/p>\n<p class=\"s6\">\n<p class=\"s6\"><span class=\"s7\"><span class=\"bumpedFont15\">Reconoci\u00f3 <\/span><\/span><span class=\"s7\"><span class=\"bumpedFont15\">que la entidad vive <\/span><\/span><span class=\"s7\"><span class=\"bumpedFont15\">una etapa de crecimiento impulsada <\/span><\/span><span class=\"s7\"><span class=\"bumpedFont15\">por la administraci\u00f3n de Mauricio Kuri<\/span><\/span><span class=\"s7\"><span class=\"bumpedFont15\">, quien <\/span><\/span><span class=\"s7\"><span class=\"bumpedFont15\">ha planteado una visi\u00f3n clara para que Quer\u00e9taro siga avanzando al siguiente nivel<\/span><\/span><span class=\"s7\"><span class=\"bumpedFont15\">, <\/span><\/span><span class=\"s7\"><span class=\"bumpedFont15\">condici\u00f3n que <\/span><\/span><span class=\"s7\"><span class=\"bumpedFont15\">s\u00f3lo ser\u00e1 posible <\/span><\/span><span class=\"s7\"><span class=\"bumpedFont15\">si trabajadores, empresas y gobierno camin<\/span><\/span><span class=\"s7\"><span class=\"bumpedFont15\">an<\/span><\/span><span class=\"s7\"><span class=\"bumpedFont15\"> en la misma direcci\u00f3n.<\/span><\/span><\/p>\n<p class=\"s6\">\n<p class=\"s6\"><span class=\"s7\"><span class=\"bumpedFont15\">\u201c<\/span><\/span><span class=\"s7\"><span class=\"bumpedFont15\">Los sindicatos, las organizaciones laborales y las autoridades tenemos una responsabilidad compartida, construir fuentes de di\u00e1logo, impulsar la formalidad laboral y acercar programas sociales que fortalezcan el bienestar de las familias trabajadoras.<\/span><\/span> <span class=\"s7\"><span class=\"bumpedFont15\">Porque cuando el trabajador tiene acceso a oportunidades, capacitaci\u00f3n, seguridad social y programas de apoyo, no solo mejora su vida, se fortalece todo el <\/span><\/span><span class=\"s7\"><span class=\"bumpedFont15\">estado\u201d, agreg\u00f3.<\/span><\/span><\/p>\n<p class=\"s6\">\n<p class=\"s6\"><span class=\"s7\"><span class=\"bumpedFont15\">El secretario <\/span><\/span><span class=\"s7\"><span class=\"bumpedFont15\">general <\/span><\/span><span class=\"s7\"><span class=\"bumpedFont15\">del Sindicato de la Industria Met\u00e1lica en Quer\u00e9taro<\/span><\/span><span class=\"s7\"><span class=\"bumpedFont15\">, <\/span><\/span><span class=\"s7\"><span class=\"bumpedFont15\">H\u00e9ctor Hern\u00e1ndez de Albino<\/span><\/span><span class=\"s7\"><span class=\"bumpedFont15\">, rechaz\u00f3 la existencia de <\/span><\/span><span class=\"s7\"><span class=\"bumpedFont15\">organizaciones <\/span><\/span><span class=\"s7\"><span class=\"bumpedFont15\">que desaf\u00edan <\/span><\/span><span class=\"s7\"><span class=\"bumpedFont15\">a las instituciones <\/span><\/span><span class=\"s7\"><span class=\"bumpedFont15\">o que pongan en entredicho <\/span><\/span><span class=\"s7\"><span class=\"bumpedFont15\">la calidad moral de las y los funcionarios. En este tenor, <\/span><\/span><span class=\"s7\"><span class=\"bumpedFont15\">extern\u00f3<\/span><\/span><span class=\"s7\"><span class=\"bumpedFont15\"> su respaldo <\/span><\/span><span class=\"s7\"><span class=\"bumpedFont15\">a la <\/span><\/span><span class=\"s7\"><span class=\"bumpedFont15\">labor del Estado. <\/span><\/span><\/p>\n<p class=\"s6\">\n<p class=\"s6\"><span class=\"s7\"><span class=\"bumpedFont15\">\u201cR<\/span><\/span><span class=\"s7\"><span class=\"bumpedFont15\">eiteramos nuestro respeto a las instituciones del Estado y manifestamos por convicci\u00f3n nuestra disposici\u00f3n a la construcci\u00f3n de acuerdos en lo poco que podamos soportar en aras de seguir manteniendo esta misma estabilidad en el Estado bajo la m\u00e1xima de que sin empresa no hay sindicato<\/span><\/span><span class=\"s7\"><span class=\"bumpedFont15\">\u201d, puntualiz\u00f3.<\/span><\/span><\/p>\n<p class=\"s6\">\n<p class=\"s6\"><span class=\"s7\"><span class=\"bumpedFont15\">La secretaria <\/span><\/span><span class=\"s7\"><span class=\"bumpedFont15\">general del <\/span><\/span><span class=\"s7\"><span class=\"bumpedFont15\">Sindicato Hitachi <\/span><\/span><span class=\"s7\"><span class=\"bumpedFont15\">Astemo<\/span><\/span><span class=\"s7\"><span class=\"bumpedFont15\"> en Quer\u00e9taro<\/span><\/span><span class=\"s7\"><span class=\"bumpedFont15\">, <\/span><\/span><span class=\"s7\"><span class=\"bumpedFont15\">J\u00e9ssica Y\u00e1\u00f1ez Rinc\u00f3n<\/span><\/span><span class=\"s7\"><span class=\"bumpedFont15\">, <\/span><\/span><span class=\"s7\"><span class=\"bumpedFont15\">agradeci\u00f3 el espacio de di\u00e1logo en el que las autoridades mostraron su disposici\u00f3n para escuchar a las y los trabajadores y a sus organizaciones sindicales, lo que consider\u00f3 una se\u00f1al clara de que en Quer\u00e9taro existe voluntad para construir soluciones de manera conjunta.<\/span><\/span><\/p>\n<p class=\"s6\">\n","protected":false},"excerpt":{"rendered":"<p>En materia laboral, hoy Quer\u00e9taro tiene rumbo, resalt\u00f3 el gobernador, Mauricio Kuri Gonz\u00e1lez, al encabezar una reuni\u00f3n con integrantes de la Federaci\u00f3n de Trabajadores del Estado de Quer\u00e9taro Registro 5415, encuentro en el quedestac\u00f3 que en esta entidad el di\u00e1logo entre los frentes patronales, sindicales y el gobierno es efectivo. Refiri\u00f3 que en Quer\u00e9taro se le apuesta al orden, a<\/p>\n<div class=\"h10\"><\/div>\n<p><a class=\"more-link2 flat\" href=\"https:\/\/elconspirador.com.mx\/?p=75661\">Leer m\u00e1s<\/a><\/p>\n","protected":false},"author":1,"featured_media":75662,"comment_status":"open","ping_status":"open","sticky":false,"template":"","format":"standard","meta":{"om_disable_all_campaigns":false,"_uf_show_specific_survey":0,"_uf_disable_surveys":false},"categories":[1],"tags":[],"aioseo_notices":[],"_links":{"self":[{"href":"https:\/\/elconspirador.com.mx\/index.php?rest_route=\/wp\/v2\/posts\/75661"}],"collection":[{"href":"https:\/\/elconspirador.com.mx\/index.php?rest_route=\/wp\/v2\/posts"}],"about":[{"href":"https:\/\/elconspirador.com.mx\/index.php?rest_route=\/wp\/v2\/types\/post"}],"author":[{"embeddable":true,"href":"https:\/\/elconspirador.com.mx\/index.php?rest_route=\/wp\/v2\/users\/1"}],"replies":[{"embeddable":true,"href":"https:\/\/elconspirador.com.mx\/index.php?rest_route=%2Fwp%2Fv2%2Fcomments&post=75661"}],"version-history":[{"count":1,"href":"https:\/\/elconspirador.com.mx\/index.php?rest_route=\/wp\/v2\/posts\/75661\/revisions"}],"predecessor-version":[{"id":75663,"href":"https:\/\/elconspirador.com.mx\/index.php?rest_route=\/wp\/v2\/posts\/75661\/revisions\/75663"}],"wp:featuredmedia":[{"embeddable":true,"href":"https:\/\/elconspirador.com.mx\/index.php?rest_route=\/wp\/v2\/media\/75662"}],"wp:attachment":[{"href":"https:\/\/elconspirador.com.mx\/index.php?rest_route=%2Fwp%2Fv2%2Fmedia&parent=75661"}],"wp:term":[{"taxonomy":"category","embeddable":true,"href":"https:\/\/elconspirador.com.mx\/index.php?rest_route=%2Fwp%2Fv2%2Fcategories&post=75661"},{"taxonomy":"post_tag","embeddable":true,"href":"https:\/\/elconspirador.com.mx\/index.php?rest_route=%2Fwp%2Fv2%2Ftags&post=75661"}],"curies":[{"name":"wp","href":"https:\/\/api.w.org\/{rel}","templated":true}]}}