{"id":75670,"date":"2026-03-10T18:10:19","date_gmt":"2026-03-11T00:10:19","guid":{"rendered":"https:\/\/elconspirador.com.mx\/?p=75670"},"modified":"2026-03-10T18:14:05","modified_gmt":"2026-03-11T00:14:05","slug":"a-prision-por-matar-una-mascota","status":"publish","type":"post","link":"https:\/\/elconspirador.com.mx\/?p=75670","title":{"rendered":"A PRISI\u00d3N POR MATAR UNA MASCOTA"},"content":{"rendered":"<p>La Fiscal\u00eda General del Estado obtuvo la vinculaci\u00f3n a proceso de un hombre por el delito de delitos contra los animales, por hechos ocurridos el 1 de febrero de 2026 en la colonia Colinas de Santa Cruz, en el municipio de Quer\u00e9taro.<\/p>\n<p>De acuerdo con la investigaci\u00f3n, el imputado presuntamente dispar\u00f3 con un arma de fuego contra un felino macho de tres a\u00f1os de edad, de nombre \u201cYeir\u201d, cuando el animal se encontraba al exterior del domicilio. El proyectil impact\u00f3 en el ojo izquierdo del felino, ocasion\u00e1ndole la muerte.<\/p>\n<p>Durante la investigaci\u00f3n se recab\u00f3 la entrevista de la denunciante, quien detall\u00f3 los hechos, adem\u00e1s de se\u00f1alar directamente al probable responsable. Asimismo, se integr\u00f3 el resultado de la necropsia practicada por un especialista en anatom\u00eda patol\u00f3gica veterinaria de la Universidad Aut\u00f3noma de Quer\u00e9taro, que determin\u00f3 la causa de muerte del animal. Tambi\u00e9n se cont\u00f3 con la declaraci\u00f3n de un testigo que corrobor\u00f3 los hechos y permiti\u00f3 individualizar al imputado.<\/p>\n<p>Derivado de los actos de investigaci\u00f3n realizados por la Polic\u00eda de Investigaci\u00f3n del Delito, se solicit\u00f3 y ejecut\u00f3 orden de cateo en el inmueble del imputado para la b\u00fasqueda de indicios relacionados con el uso del arma de fuego, as\u00ed como la correspondiente orden de aprehensi\u00f3n.<\/p>\n<p>El audiencia inicial por cumplimiento de orden de aprehensi\u00f3n, la autoridad judicial determin\u00f3 vincular a proceso al imputado por el delito de delitos contra los animales, imponiendo como medida cautelar la prisi\u00f3n preventiva justificada y fijando un plazo de un mes para la investigaci\u00f3n complementaria.<\/p>\n","protected":false},"excerpt":{"rendered":"<p>La Fiscal\u00eda General del Estado obtuvo la vinculaci\u00f3n a proceso de un hombre por el delito de delitos contra los animales, por hechos ocurridos el 1 de febrero de 2026 en la colonia Colinas de Santa Cruz, en el municipio de Quer\u00e9taro. De acuerdo con la investigaci\u00f3n, el imputado presuntamente dispar\u00f3 con un arma de fuego contra un felino macho<\/p>\n<div class=\"h10\"><\/div>\n<p><a class=\"more-link2 flat\" href=\"https:\/\/elconspirador.com.mx\/?p=75670\">Leer m\u00e1s<\/a><\/p>\n","protected":false},"author":1,"featured_media":75671,"comment_status":"open","ping_status":"open","sticky":false,"template":"","format":"standard","meta":{"om_disable_all_campaigns":false,"_uf_show_specific_survey":0,"_uf_disable_surveys":false},"categories":[1],"tags":[],"aioseo_notices":[],"_links":{"self":[{"href":"https:\/\/elconspirador.com.mx\/index.php?rest_route=\/wp\/v2\/posts\/75670"}],"collection":[{"href":"https:\/\/elconspirador.com.mx\/index.php?rest_route=\/wp\/v2\/posts"}],"about":[{"href":"https:\/\/elconspirador.com.mx\/index.php?rest_route=\/wp\/v2\/types\/post"}],"author":[{"embeddable":true,"href":"https:\/\/elconspirador.com.mx\/index.php?rest_route=\/wp\/v2\/users\/1"}],"replies":[{"embeddable":true,"href":"https:\/\/elconspirador.com.mx\/index.php?rest_route=%2Fwp%2Fv2%2Fcomments&post=75670"}],"version-history":[{"count":1,"href":"https:\/\/elconspirador.com.mx\/index.php?rest_route=\/wp\/v2\/posts\/75670\/revisions"}],"predecessor-version":[{"id":75672,"href":"https:\/\/elconspirador.com.mx\/index.php?rest_route=\/wp\/v2\/posts\/75670\/revisions\/75672"}],"wp:featuredmedia":[{"embeddable":true,"href":"https:\/\/elconspirador.com.mx\/index.php?rest_route=\/wp\/v2\/media\/75671"}],"wp:attachment":[{"href":"https:\/\/elconspirador.com.mx\/index.php?rest_route=%2Fwp%2Fv2%2Fmedia&parent=75670"}],"wp:term":[{"taxonomy":"category","embeddable":true,"href":"https:\/\/elconspirador.com.mx\/index.php?rest_route=%2Fwp%2Fv2%2Fcategories&post=75670"},{"taxonomy":"post_tag","embeddable":true,"href":"https:\/\/elconspirador.com.mx\/index.php?rest_route=%2Fwp%2Fv2%2Ftags&post=75670"}],"curies":[{"name":"wp","href":"https:\/\/api.w.org\/{rel}","templated":true}]}}