{"id":75679,"date":"2026-03-10T19:12:23","date_gmt":"2026-03-11T01:12:23","guid":{"rendered":"https:\/\/elconspirador.com.mx\/?p=75679"},"modified":"2026-03-10T19:12:23","modified_gmt":"2026-03-11T01:12:23","slug":"se-intento-capturar-vivo-al-mencho","status":"publish","type":"post","link":"https:\/\/elconspirador.com.mx\/?p=75679","title":{"rendered":"SE INTENT\u00d3 CAPTURAR VIVO AL \u201cMENCHO\u201d"},"content":{"rendered":"<p>Ricardo Trevilla Trejo, titular de la Secretar\u00eda de la Defensa Nacional, dio a conocer detalles del abatimiento de Rub\u00e9n Oseguera Cervantes, El Mencho, ocurrido durante un operativo que buscaba su captura llevado a cabo el pasado domingo 22 de febrero en el municipio de Tapalpa, en Jalisco.<\/p>\n<p>Ante la pregunta de una reportera durante la conferencia de prensa matutina, encabezada por la presidenta Claudia Sheinbaum Pardo desde Palacio Nacional, Trevilla Trejo dijo que en toda operaci\u00f3n militar se dictan documentos llamados \u00f3rdenes generales de operaciones, en donde se establece que toda operaci\u00f3n y todo el personal debe apegarse a la Ley Nacional de Uso Racional de la Fuerza.<\/p>\n<p>Esto quiere decir que no se puede utilizar el armamento indiscriminadamente, y si es que no se ve en peligro su vida y la de sus compa\u00f1eros, y este fue el caso durante el operatiuvo que se llev\u00f3 a cabo en Jalisco para detener a El Mencho.<\/p>\n<p>\u201cDebemos recordar que, lamentablemente ah\u00ed fallecieron dos oficiales y un elemento de tropa, fueron dos fases, una en las caba\u00f1as, ah\u00ed fallece un oficial y uno de tropa, y despu\u00e9s, ya en el bosque, donde se encontraba El Mencho con otros dos escoltas, rodeado se le conmin\u00f3 a entregarse, el hizo fuego, fallece un oficial y el resto del personal, en defensa de su vida tuvo que hacer uso de su armamento, en apego a esta ley, ah\u00ed es herido, personal de sanidad le brinda los primeros auxilios a los tres elementos, y tambi\u00e9n a otros dos de nosotros y son trasladados en helic\u00f3ptero\u201d, dijo Trevilla.<\/p>\n<p>Asegur\u00f3 que eran dos equipos de Fuerzas Especiales los que rodearon a El Mencho y a las personas que lo acompa\u00f1aban, o sea, alrededor de 13 o 14 elementos.<\/p>\n<p>Dijo que al estar heridos, El Mencho y sus acompa\u00f1antes, se les proporcionaron los primeros auxilios y se les trat\u00f3 de estabilizar, y se pidi\u00f3, de inmediato, el apoyo de una ambulancia a\u00e9rea.<\/p>\n<p>Asegur\u00f3 que la Fiscal\u00eda General de la Rep\u00fablica (FGR) realiz\u00f3 la necropsia de ley e hicieron los peritajes para que se comprobara que se apeg\u00f3 a la ley el operativo.<\/p>\n<p>Dijo que se intent\u00f3 capturar vivo al Oseguera Cervantes, pero \u201csi est\u00e1 muriendo nuestra gente, ellos tienen todo el derecho de utilizar las armas para defenderse, ahora, por las caracter\u00edsticas propias de este deluincuente, es evidente que era poco probable que \u00e9l se entregara, llevaba mucho armamento\u201d, dijo.<\/p>\n","protected":false},"excerpt":{"rendered":"<p>Ricardo Trevilla Trejo, titular de la Secretar\u00eda de la Defensa Nacional, dio a conocer detalles del abatimiento de Rub\u00e9n Oseguera Cervantes, El Mencho, ocurrido durante un operativo que buscaba su captura llevado a cabo el pasado domingo 22 de febrero en el municipio de Tapalpa, en Jalisco. Ante la pregunta de una reportera durante la conferencia de prensa matutina, encabezada<\/p>\n<div class=\"h10\"><\/div>\n<p><a class=\"more-link2 flat\" href=\"https:\/\/elconspirador.com.mx\/?p=75679\">Leer m\u00e1s<\/a><\/p>\n","protected":false},"author":1,"featured_media":75680,"comment_status":"open","ping_status":"open","sticky":false,"template":"","format":"standard","meta":{"om_disable_all_campaigns":false,"_uf_show_specific_survey":0,"_uf_disable_surveys":false},"categories":[68],"tags":[],"aioseo_notices":[],"_links":{"self":[{"href":"https:\/\/elconspirador.com.mx\/index.php?rest_route=\/wp\/v2\/posts\/75679"}],"collection":[{"href":"https:\/\/elconspirador.com.mx\/index.php?rest_route=\/wp\/v2\/posts"}],"about":[{"href":"https:\/\/elconspirador.com.mx\/index.php?rest_route=\/wp\/v2\/types\/post"}],"author":[{"embeddable":true,"href":"https:\/\/elconspirador.com.mx\/index.php?rest_route=\/wp\/v2\/users\/1"}],"replies":[{"embeddable":true,"href":"https:\/\/elconspirador.com.mx\/index.php?rest_route=%2Fwp%2Fv2%2Fcomments&post=75679"}],"version-history":[{"count":1,"href":"https:\/\/elconspirador.com.mx\/index.php?rest_route=\/wp\/v2\/posts\/75679\/revisions"}],"predecessor-version":[{"id":75681,"href":"https:\/\/elconspirador.com.mx\/index.php?rest_route=\/wp\/v2\/posts\/75679\/revisions\/75681"}],"wp:featuredmedia":[{"embeddable":true,"href":"https:\/\/elconspirador.com.mx\/index.php?rest_route=\/wp\/v2\/media\/75680"}],"wp:attachment":[{"href":"https:\/\/elconspirador.com.mx\/index.php?rest_route=%2Fwp%2Fv2%2Fmedia&parent=75679"}],"wp:term":[{"taxonomy":"category","embeddable":true,"href":"https:\/\/elconspirador.com.mx\/index.php?rest_route=%2Fwp%2Fv2%2Fcategories&post=75679"},{"taxonomy":"post_tag","embeddable":true,"href":"https:\/\/elconspirador.com.mx\/index.php?rest_route=%2Fwp%2Fv2%2Ftags&post=75679"}],"curies":[{"name":"wp","href":"https:\/\/api.w.org\/{rel}","templated":true}]}}