{"id":75688,"date":"2026-03-11T09:08:25","date_gmt":"2026-03-11T15:08:25","guid":{"rendered":"https:\/\/elconspirador.com.mx\/?p=75688"},"modified":"2026-03-11T09:08:25","modified_gmt":"2026-03-11T15:08:25","slug":"capital-rehabilita-arcotecho-en-primaria-juana-de-asbaje","status":"publish","type":"post","link":"https:\/\/elconspirador.com.mx\/?p=75688","title":{"rendered":"CAPITAL REHABILITA ARCOTECHO EN PRIMARIA JUANA DE ASBAJE"},"content":{"rendered":"<p>&nbsp;<\/p>\n<p>El presidente municipal de Quer\u00e9taro, Felifer Mac\u00edas, anunci\u00f3 la rehabilitaci\u00f3n en la primaria Juana de Asbaje, en la colonia Lomas de San Pedrito Pe\u00f1uelas, de la delegaci\u00f3n Epigmenio Gonz\u00e1lez; la cual comprende la construcci\u00f3n de la techumbre y una cancha de f\u00fatbol 5, con una inversi\u00f3n total de 5.6 millones de pesos, en beneficio de mil 345 alumnos y alumnas.<\/p>\n<p>Felifer Mac\u00edas indic\u00f3 que esta acci\u00f3n forma parte del compromiso que se ten\u00eda con la primaria, ya que siempre se ha tenido como prioridad brindar esa atenci\u00f3n cercana con los planteles educativos de la capital queretana, de esta forma se fomenta el deporte y la cultura, as\u00ed como tambi\u00e9n lograr emparejar la cancha con una mejor calidad educativa para las ni\u00f1as y los ni\u00f1os del municipio de Quer\u00e9taro.<\/p>\n<p>\u201cDesde que era regidor yo hab\u00eda venido a esta primaria varias veces, hace m\u00e1s de 10 a\u00f1os, y es un gusto para m\u00ed ahora como alcalde retribuirles un poquito, entreg\u00e1ndoles esta cancha de f\u00fatbol cinco con el pasto sint\u00e9tico de mayor calidad\u201d remarc\u00f3.<\/p>\n<p>El alcalde destac\u00f3 que contar con espacios adecuados dentro de las escuelas resulta fundamental para el desarrollo integral de las ni\u00f1as y los ni\u00f1os, ya que permiten impulsar la educaci\u00f3n, el deporte, la cultura y la sana convivencia. Adem\u00e1s, se\u00f1al\u00f3 que este tipo de infraestructura ofrece a las y los estudiantes lugares seguros y dignos donde pueden aprender, activarse f\u00edsicamente y participar en actividades recreativas que fortalecen valores, disciplina y trabajo en equipo.<\/p>\n<p>El arcotecho cimentado comprende 566 metros cuadrados a base de l\u00e1mina pintro y la cancha consta de 493 metros cuadrados de pasto sint\u00e9tico, la instalaci\u00f3n de dos porter\u00edas, adem\u00e1s de 100 metros cuadrados de malla cicl\u00f3nica en todo el per\u00edmetro. Asimismo, se contempl\u00f3 la construcci\u00f3n de banqueta y guarnici\u00f3n de concreto con cuneta.<\/p>\n<p>Con esta rehabilitaci\u00f3n en la primaria Juana de Asbaje se contribuye a la mejora de un espacio que contaba con cierto deterioro y hoy se cuenta con un lugar digno en donde se podr\u00e1 practicar deporte, as\u00ed como tambi\u00e9n desarrollar actividades recreativas, culturales y art\u00edsticas; para que de esta forma se pueda fortalecer el tejido social de las alumnas y los alumnos.<\/p>\n","protected":false},"excerpt":{"rendered":"<p>&nbsp; El presidente municipal de Quer\u00e9taro, Felifer Mac\u00edas, anunci\u00f3 la rehabilitaci\u00f3n en la primaria Juana de Asbaje, en la colonia Lomas de San Pedrito Pe\u00f1uelas, de la delegaci\u00f3n Epigmenio Gonz\u00e1lez; la cual comprende la construcci\u00f3n de la techumbre y una cancha de f\u00fatbol 5, con una inversi\u00f3n total de 5.6 millones de pesos, en beneficio de mil 345 alumnos y<\/p>\n<div class=\"h10\"><\/div>\n<p><a class=\"more-link2 flat\" href=\"https:\/\/elconspirador.com.mx\/?p=75688\">Leer m\u00e1s<\/a><\/p>\n","protected":false},"author":1,"featured_media":75689,"comment_status":"open","ping_status":"open","sticky":false,"template":"","format":"standard","meta":{"om_disable_all_campaigns":false,"_uf_show_specific_survey":0,"_uf_disable_surveys":false},"categories":[1],"tags":[],"aioseo_notices":[],"_links":{"self":[{"href":"https:\/\/elconspirador.com.mx\/index.php?rest_route=\/wp\/v2\/posts\/75688"}],"collection":[{"href":"https:\/\/elconspirador.com.mx\/index.php?rest_route=\/wp\/v2\/posts"}],"about":[{"href":"https:\/\/elconspirador.com.mx\/index.php?rest_route=\/wp\/v2\/types\/post"}],"author":[{"embeddable":true,"href":"https:\/\/elconspirador.com.mx\/index.php?rest_route=\/wp\/v2\/users\/1"}],"replies":[{"embeddable":true,"href":"https:\/\/elconspirador.com.mx\/index.php?rest_route=%2Fwp%2Fv2%2Fcomments&post=75688"}],"version-history":[{"count":1,"href":"https:\/\/elconspirador.com.mx\/index.php?rest_route=\/wp\/v2\/posts\/75688\/revisions"}],"predecessor-version":[{"id":75690,"href":"https:\/\/elconspirador.com.mx\/index.php?rest_route=\/wp\/v2\/posts\/75688\/revisions\/75690"}],"wp:featuredmedia":[{"embeddable":true,"href":"https:\/\/elconspirador.com.mx\/index.php?rest_route=\/wp\/v2\/media\/75689"}],"wp:attachment":[{"href":"https:\/\/elconspirador.com.mx\/index.php?rest_route=%2Fwp%2Fv2%2Fmedia&parent=75688"}],"wp:term":[{"taxonomy":"category","embeddable":true,"href":"https:\/\/elconspirador.com.mx\/index.php?rest_route=%2Fwp%2Fv2%2Fcategories&post=75688"},{"taxonomy":"post_tag","embeddable":true,"href":"https:\/\/elconspirador.com.mx\/index.php?rest_route=%2Fwp%2Fv2%2Ftags&post=75688"}],"curies":[{"name":"wp","href":"https:\/\/api.w.org\/{rel}","templated":true}]}}