{"id":75700,"date":"2026-03-11T11:40:32","date_gmt":"2026-03-11T17:40:32","guid":{"rendered":"https:\/\/elconspirador.com.mx\/?p=75700"},"modified":"2026-03-11T11:40:32","modified_gmt":"2026-03-11T17:40:32","slug":"chepe-se-reune-con-habitantes-de-paseos-del-bosque","status":"publish","type":"post","link":"https:\/\/elconspirador.com.mx\/?p=75700","title":{"rendered":"CHEPE SE RE\u00daNE CON HABITANTES DE PASEOS DEL BOSQUE"},"content":{"rendered":"<p class=\"s5\"><span class=\"s4\">Como parte de la estrategia Alcalde A Paso Firme, el presidente municipal de Corregidora, Chepe Guerrero, junto con su equipo de trabajo, se reuni\u00f3 con vecinos del fraccionamiento Paseos del Bosque, donde escuch\u00f3 y atendi\u00f3 sus inquietudes en materia de movilidad, seguridad, servicios p\u00fablicos e infraestructura urbana.<\/span><\/p>\n<p class=\"s5\"><span class=\"s4\">\u00a0<\/span><\/p>\n<p class=\"s5\"><span class=\"s4\">Chepe Guerrero reconoci\u00f3 la voluntad de las y los residentes por trabajar en equipo con las autoridades para atender las mejoras que requiere la zona, principalmente debido al crecimiento poblacional.<\/span><\/p>\n<p class=\"s5\"><span class=\"s4\">\u00a0<\/span><\/p>\n<p class=\"s5\"><span class=\"s4\">\u201cCada vez que veo una reuni\u00f3n de vecinos nutrida me da gusto, porque hay gente que le interesa vivir en mejores condiciones, eso es algo que yo celebro. Es nuestro deber estar aqu\u00ed y buscar la manera, dentro de las posibilidades del Municipio, atender los temas que nos comentan\u201d, coment\u00f3. \u00a0<\/span><\/p>\n<p class=\"s5\"><span class=\"s4\">\u00a0<\/span><\/p>\n<p class=\"s5\"><span class=\"s4\">Cabe se\u00f1alar que, por parte de la Secretar\u00eda de Servicios P\u00fablicos Municipales, en el Jard\u00edn Principal de Paseos del Bosque se llev\u00f3 a cabo el tendido de tezontle en la ciclopista, emparejamiento y compacto de tepetate y el retiro de arena y limpieza.<\/span><\/p>\n","protected":false},"excerpt":{"rendered":"<p>Como parte de la estrategia Alcalde A Paso Firme, el presidente municipal de Corregidora, Chepe Guerrero, junto con su equipo de trabajo, se reuni\u00f3 con vecinos del fraccionamiento Paseos del Bosque, donde escuch\u00f3 y atendi\u00f3 sus inquietudes en materia de movilidad, seguridad, servicios p\u00fablicos e infraestructura urbana. \u00a0 Chepe Guerrero reconoci\u00f3 la voluntad de las y los residentes por trabajar<\/p>\n<div class=\"h10\"><\/div>\n<p><a class=\"more-link2 flat\" href=\"https:\/\/elconspirador.com.mx\/?p=75700\">Leer m\u00e1s<\/a><\/p>\n","protected":false},"author":1,"featured_media":75701,"comment_status":"open","ping_status":"open","sticky":false,"template":"","format":"standard","meta":{"om_disable_all_campaigns":false,"_uf_show_specific_survey":0,"_uf_disable_surveys":false},"categories":[1],"tags":[],"aioseo_notices":[],"_links":{"self":[{"href":"https:\/\/elconspirador.com.mx\/index.php?rest_route=\/wp\/v2\/posts\/75700"}],"collection":[{"href":"https:\/\/elconspirador.com.mx\/index.php?rest_route=\/wp\/v2\/posts"}],"about":[{"href":"https:\/\/elconspirador.com.mx\/index.php?rest_route=\/wp\/v2\/types\/post"}],"author":[{"embeddable":true,"href":"https:\/\/elconspirador.com.mx\/index.php?rest_route=\/wp\/v2\/users\/1"}],"replies":[{"embeddable":true,"href":"https:\/\/elconspirador.com.mx\/index.php?rest_route=%2Fwp%2Fv2%2Fcomments&post=75700"}],"version-history":[{"count":1,"href":"https:\/\/elconspirador.com.mx\/index.php?rest_route=\/wp\/v2\/posts\/75700\/revisions"}],"predecessor-version":[{"id":75702,"href":"https:\/\/elconspirador.com.mx\/index.php?rest_route=\/wp\/v2\/posts\/75700\/revisions\/75702"}],"wp:featuredmedia":[{"embeddable":true,"href":"https:\/\/elconspirador.com.mx\/index.php?rest_route=\/wp\/v2\/media\/75701"}],"wp:attachment":[{"href":"https:\/\/elconspirador.com.mx\/index.php?rest_route=%2Fwp%2Fv2%2Fmedia&parent=75700"}],"wp:term":[{"taxonomy":"category","embeddable":true,"href":"https:\/\/elconspirador.com.mx\/index.php?rest_route=%2Fwp%2Fv2%2Fcategories&post=75700"},{"taxonomy":"post_tag","embeddable":true,"href":"https:\/\/elconspirador.com.mx\/index.php?rest_route=%2Fwp%2Fv2%2Ftags&post=75700"}],"curies":[{"name":"wp","href":"https:\/\/api.w.org\/{rel}","templated":true}]}}