{"id":75714,"date":"2026-03-11T15:40:06","date_gmt":"2026-03-11T21:40:06","guid":{"rendered":"https:\/\/elconspirador.com.mx\/?p=75714"},"modified":"2026-03-11T15:40:06","modified_gmt":"2026-03-11T21:40:06","slug":"avanzan-gestiones-para-construir-hospital-en-tequisquiapan","status":"publish","type":"post","link":"https:\/\/elconspirador.com.mx\/?p=75714","title":{"rendered":"AVANZAN GESTIONES PARA CONSTRUIR HOSPITAL EN TEQUISQUIAPAN"},"content":{"rendered":"<p>La representante del Instituto Mexicano del Seguro Social (IMSS), Martha Elo\u00edsa S\u00e1nchez V\u00e1zquez, inform\u00f3 que se registran avances en la gesti\u00f3n para la construcci\u00f3n de un hospital en Tequisquiapan, proyecto que se busca concretar tras varios a\u00f1os de tr\u00e1mites relacionados con la donaci\u00f3n del terreno.<\/p>\n<p>Explic\u00f3 que las gestiones comenzaron desde la pasada administraci\u00f3n municipal; sin embargo, diversos problemas con el predio impidieron que se avanzara en el proceso de donaci\u00f3n.<\/p>\n<p>\u201cYa estamos cerca. Con el alcalde anterior se dej\u00f3 de continuar con la gesti\u00f3n para el hospital. Llega el nuevo alcalde, el licenciado H\u00e9ctor Maga\u00f1a, con quien volvemos a hacer toda la gesti\u00f3n\u201d.<\/p>\n<p>La funcionaria indic\u00f3 que el proyecto contempla la construcci\u00f3n de un hospital con capacidad de 180 camas, aunque por el momento a\u00fan no se tiene una estimaci\u00f3n del costo que representar\u00eda esta obra.<\/p>\n<p>\u201cEstamos a casi nada ya. Esperemos que a mediados de a\u00f1o se haya liberado el predio y entonces ya lo que sigue: primero hay que recibirlo; despu\u00e9s pasa por un consejo para que ya sea parte de los inmuebles del IMSS\u201d.<\/p>\n<p>S\u00e1nchez V\u00e1zquez agreg\u00f3 que el hospital no solo atender\u00eda a la poblaci\u00f3n de Tequisquiapan, sino tambi\u00e9n a habitantes de municipios cercanos, con el objetivo de fortalecer la cobertura m\u00e9dica en la regi\u00f3n.<\/p>\n<p>No obstante, aclar\u00f3 que todav\u00eda no existe una fecha definida para el inicio de la construcci\u00f3n, ya que primero debe concluir el proceso administrativo para la incorporaci\u00f3n formal del terreno al patrimonio del IMSS.<\/p>\n","protected":false},"excerpt":{"rendered":"<p>La representante del Instituto Mexicano del Seguro Social (IMSS), Martha Elo\u00edsa S\u00e1nchez V\u00e1zquez, inform\u00f3 que se registran avances en la gesti\u00f3n para la construcci\u00f3n de un hospital en Tequisquiapan, proyecto que se busca concretar tras varios a\u00f1os de tr\u00e1mites relacionados con la donaci\u00f3n del terreno. Explic\u00f3 que las gestiones comenzaron desde la pasada administraci\u00f3n municipal; sin embargo, diversos problemas con<\/p>\n<div class=\"h10\"><\/div>\n<p><a class=\"more-link2 flat\" href=\"https:\/\/elconspirador.com.mx\/?p=75714\">Leer m\u00e1s<\/a><\/p>\n","protected":false},"author":1,"featured_media":75715,"comment_status":"open","ping_status":"open","sticky":false,"template":"","format":"standard","meta":{"om_disable_all_campaigns":false,"_uf_show_specific_survey":0,"_uf_disable_surveys":false},"categories":[1],"tags":[],"aioseo_notices":[],"_links":{"self":[{"href":"https:\/\/elconspirador.com.mx\/index.php?rest_route=\/wp\/v2\/posts\/75714"}],"collection":[{"href":"https:\/\/elconspirador.com.mx\/index.php?rest_route=\/wp\/v2\/posts"}],"about":[{"href":"https:\/\/elconspirador.com.mx\/index.php?rest_route=\/wp\/v2\/types\/post"}],"author":[{"embeddable":true,"href":"https:\/\/elconspirador.com.mx\/index.php?rest_route=\/wp\/v2\/users\/1"}],"replies":[{"embeddable":true,"href":"https:\/\/elconspirador.com.mx\/index.php?rest_route=%2Fwp%2Fv2%2Fcomments&post=75714"}],"version-history":[{"count":1,"href":"https:\/\/elconspirador.com.mx\/index.php?rest_route=\/wp\/v2\/posts\/75714\/revisions"}],"predecessor-version":[{"id":75716,"href":"https:\/\/elconspirador.com.mx\/index.php?rest_route=\/wp\/v2\/posts\/75714\/revisions\/75716"}],"wp:featuredmedia":[{"embeddable":true,"href":"https:\/\/elconspirador.com.mx\/index.php?rest_route=\/wp\/v2\/media\/75715"}],"wp:attachment":[{"href":"https:\/\/elconspirador.com.mx\/index.php?rest_route=%2Fwp%2Fv2%2Fmedia&parent=75714"}],"wp:term":[{"taxonomy":"category","embeddable":true,"href":"https:\/\/elconspirador.com.mx\/index.php?rest_route=%2Fwp%2Fv2%2Fcategories&post=75714"},{"taxonomy":"post_tag","embeddable":true,"href":"https:\/\/elconspirador.com.mx\/index.php?rest_route=%2Fwp%2Fv2%2Ftags&post=75714"}],"curies":[{"name":"wp","href":"https:\/\/api.w.org\/{rel}","templated":true}]}}