{"id":76675,"date":"2026-04-11T10:54:56","date_gmt":"2026-04-11T16:54:56","guid":{"rendered":"https:\/\/elconspirador.com.mx\/?p=76675"},"modified":"2026-04-11T10:54:56","modified_gmt":"2026-04-11T16:54:56","slug":"detienen-a-presunto-secuestrador","status":"publish","type":"post","link":"https:\/\/elconspirador.com.mx\/?p=76675","title":{"rendered":"DETIENEN A PRESUNTO SECUESTRADOR"},"content":{"rendered":"<p>La Fiscal\u00eda General del Estado de Quer\u00e9taro obtuvo la vinculaci\u00f3n a proceso de una persona por el delito de secuestro agravado, como resultado de la continuidad a las acciones informadas previamente sobre su detenci\u00f3n.<\/p>\n<p>Los hechos se remontan al 15 de octubre de 2020, cuando la v\u00edctima fue privada de la libertad al exterior de un establecimiento comercial ubicado en la carretera a Chichimequillas, en el municipio de Quer\u00e9taro, siendo liberada el 12 de noviembre del mismo a\u00f1o.<\/p>\n<p>De acuerdo con las investigaciones, el imputado, identificado como Rom\u00e1n Antonio \u201cN\u201d, presuntamente realizaba labores de vigilancia sobre la v\u00edctima previo a su privaci\u00f3n de la libertad, lo que permiti\u00f3 establecer su probable participaci\u00f3n en estos hechos.<\/p>\n<p>Cabe recordar que su detenci\u00f3n fue posible mediante trabajos de Sinergia interinstitucional, tras ser localizado en el municipio de Cuautla, Morelos, donde se cumpliment\u00f3 la orden de aprehensi\u00f3n en su contra.<\/p>\n<p>En audiencia inicial, la autoridad judicial determin\u00f3 vincularlo a proceso, imponiendo como medida cautelar la prisi\u00f3n preventiva justificada y fijando un plazo de cuatro meses para la investigaci\u00f3n complementaria.<\/p>\n<p>Con esta acci\u00f3n, suman cuatro personas detenidas por estos hechos.<\/p>\n<p>La Fiscal\u00eda General del Estado reitera su compromiso de investigar y perseguir los delitos de alto impacto, garantizando el acceso a la justicia para las v\u00edctimas y sus familias.<\/p>\n","protected":false},"excerpt":{"rendered":"<p>La Fiscal\u00eda General del Estado de Quer\u00e9taro obtuvo la vinculaci\u00f3n a proceso de una persona por el delito de secuestro agravado, como resultado de la continuidad a las acciones informadas previamente sobre su detenci\u00f3n. Los hechos se remontan al 15 de octubre de 2020, cuando la v\u00edctima fue privada de la libertad al exterior de un establecimiento comercial ubicado en<\/p>\n<div class=\"h10\"><\/div>\n<p><a class=\"more-link2 flat\" href=\"https:\/\/elconspirador.com.mx\/?p=76675\">Leer m\u00e1s<\/a><\/p>\n","protected":false},"author":1,"featured_media":76676,"comment_status":"open","ping_status":"open","sticky":false,"template":"","format":"standard","meta":{"om_disable_all_campaigns":false,"_uf_show_specific_survey":0,"_uf_disable_surveys":false},"categories":[1],"tags":[],"aioseo_notices":[],"_links":{"self":[{"href":"https:\/\/elconspirador.com.mx\/index.php?rest_route=\/wp\/v2\/posts\/76675"}],"collection":[{"href":"https:\/\/elconspirador.com.mx\/index.php?rest_route=\/wp\/v2\/posts"}],"about":[{"href":"https:\/\/elconspirador.com.mx\/index.php?rest_route=\/wp\/v2\/types\/post"}],"author":[{"embeddable":true,"href":"https:\/\/elconspirador.com.mx\/index.php?rest_route=\/wp\/v2\/users\/1"}],"replies":[{"embeddable":true,"href":"https:\/\/elconspirador.com.mx\/index.php?rest_route=%2Fwp%2Fv2%2Fcomments&post=76675"}],"version-history":[{"count":1,"href":"https:\/\/elconspirador.com.mx\/index.php?rest_route=\/wp\/v2\/posts\/76675\/revisions"}],"predecessor-version":[{"id":76677,"href":"https:\/\/elconspirador.com.mx\/index.php?rest_route=\/wp\/v2\/posts\/76675\/revisions\/76677"}],"wp:featuredmedia":[{"embeddable":true,"href":"https:\/\/elconspirador.com.mx\/index.php?rest_route=\/wp\/v2\/media\/76676"}],"wp:attachment":[{"href":"https:\/\/elconspirador.com.mx\/index.php?rest_route=%2Fwp%2Fv2%2Fmedia&parent=76675"}],"wp:term":[{"taxonomy":"category","embeddable":true,"href":"https:\/\/elconspirador.com.mx\/index.php?rest_route=%2Fwp%2Fv2%2Fcategories&post=76675"},{"taxonomy":"post_tag","embeddable":true,"href":"https:\/\/elconspirador.com.mx\/index.php?rest_route=%2Fwp%2Fv2%2Ftags&post=76675"}],"curies":[{"name":"wp","href":"https:\/\/api.w.org\/{rel}","templated":true}]}}