{"id":76681,"date":"2026-04-13T08:04:31","date_gmt":"2026-04-13T14:04:31","guid":{"rendered":"https:\/\/elconspirador.com.mx\/?p=76681"},"modified":"2026-04-13T08:04:31","modified_gmt":"2026-04-13T14:04:31","slug":"detenido-por-violencia-de-genero-en-colon","status":"publish","type":"post","link":"https:\/\/elconspirador.com.mx\/?p=76681","title":{"rendered":"DETENIDO POR VIOLENCIA DE G\u00c9NERO EN COL\u00d3N"},"content":{"rendered":"<p>La Fiscal\u00eda General del Estado de Quer\u00e9taro, en el marco de la estrategia Sinergia por Quer\u00e9taro, llev\u00f3 a cabo la cumplimentaci\u00f3n de una orden de aprehensi\u00f3n en contra de una persona por el delito de violencia de g\u00e9nero en el municipio de Col\u00f3n.<\/p>\n<p>La acci\u00f3n fue realizada por personal de la Polic\u00eda de Investigaci\u00f3n del Delito, en Sinergia con la Polic\u00eda Municipal de Col\u00f3n, como parte del trabajo conjunto que permite dar cumplimiento a mandamientos judiciales y atender este tipo de conductas.<\/p>\n<p>El imputado fue puesto a disposici\u00f3n de la autoridad judicial que lo requiere, a fin de que se determine su situaci\u00f3n jur\u00eddica conforme a derecho.<\/p>\n<p>La Fiscal\u00eda General del Estado reafirma su compromiso de investigar y perseguir los delitos que afectan la integridad de las personas, garantizando la protecci\u00f3n de las v\u00edctimas y el acceso a la justicia.<\/p>\n","protected":false},"excerpt":{"rendered":"<p>La Fiscal\u00eda General del Estado de Quer\u00e9taro, en el marco de la estrategia Sinergia por Quer\u00e9taro, llev\u00f3 a cabo la cumplimentaci\u00f3n de una orden de aprehensi\u00f3n en contra de una persona por el delito de violencia de g\u00e9nero en el municipio de Col\u00f3n. La acci\u00f3n fue realizada por personal de la Polic\u00eda de Investigaci\u00f3n del Delito, en Sinergia con la<\/p>\n<div class=\"h10\"><\/div>\n<p><a class=\"more-link2 flat\" href=\"https:\/\/elconspirador.com.mx\/?p=76681\">Leer m\u00e1s<\/a><\/p>\n","protected":false},"author":1,"featured_media":76682,"comment_status":"open","ping_status":"open","sticky":false,"template":"","format":"standard","meta":{"om_disable_all_campaigns":false,"_uf_show_specific_survey":0,"_uf_disable_surveys":false},"categories":[1],"tags":[],"aioseo_notices":[],"_links":{"self":[{"href":"https:\/\/elconspirador.com.mx\/index.php?rest_route=\/wp\/v2\/posts\/76681"}],"collection":[{"href":"https:\/\/elconspirador.com.mx\/index.php?rest_route=\/wp\/v2\/posts"}],"about":[{"href":"https:\/\/elconspirador.com.mx\/index.php?rest_route=\/wp\/v2\/types\/post"}],"author":[{"embeddable":true,"href":"https:\/\/elconspirador.com.mx\/index.php?rest_route=\/wp\/v2\/users\/1"}],"replies":[{"embeddable":true,"href":"https:\/\/elconspirador.com.mx\/index.php?rest_route=%2Fwp%2Fv2%2Fcomments&post=76681"}],"version-history":[{"count":1,"href":"https:\/\/elconspirador.com.mx\/index.php?rest_route=\/wp\/v2\/posts\/76681\/revisions"}],"predecessor-version":[{"id":76683,"href":"https:\/\/elconspirador.com.mx\/index.php?rest_route=\/wp\/v2\/posts\/76681\/revisions\/76683"}],"wp:featuredmedia":[{"embeddable":true,"href":"https:\/\/elconspirador.com.mx\/index.php?rest_route=\/wp\/v2\/media\/76682"}],"wp:attachment":[{"href":"https:\/\/elconspirador.com.mx\/index.php?rest_route=%2Fwp%2Fv2%2Fmedia&parent=76681"}],"wp:term":[{"taxonomy":"category","embeddable":true,"href":"https:\/\/elconspirador.com.mx\/index.php?rest_route=%2Fwp%2Fv2%2Fcategories&post=76681"},{"taxonomy":"post_tag","embeddable":true,"href":"https:\/\/elconspirador.com.mx\/index.php?rest_route=%2Fwp%2Fv2%2Ftags&post=76681"}],"curies":[{"name":"wp","href":"https:\/\/api.w.org\/{rel}","templated":true}]}}