{"id":76690,"date":"2026-04-10T12:20:14","date_gmt":"2026-04-10T18:20:14","guid":{"rendered":"https:\/\/elconspirador.com.mx\/?p=76690"},"modified":"2026-04-10T12:20:14","modified_gmt":"2026-04-10T18:20:14","slug":"detienen-dealer-en-la-capital","status":"publish","type":"post","link":"https:\/\/elconspirador.com.mx\/?p=76690","title":{"rendered":"DETIENEN \u201cDEALER\u201d EN LA CAPITAL"},"content":{"rendered":"<p>La Fiscal\u00eda General del Estado de Quer\u00e9taro, en el marco de la estrategia Sinergia por Quer\u00e9taro, ejecut\u00f3 6 diligencias de cateo en diversas colonias de los municipios de Quer\u00e9taro y Corregidora, derivadas de una denuncia realizada por estudiantes de un plantel de educaci\u00f3n media superior.<\/p>\n<p>Como resultado de estas acciones, se logr\u00f3 la detenci\u00f3n de una persona, quien fue asegurada en posesi\u00f3n de sustancias con caracter\u00edsticas de metanfetamina y THC, lo que permiti\u00f3 robustecer las l\u00edneas de investigaci\u00f3n por delitos contra la salud.<\/p>\n<p>De acuerdo con los datos recabados, el imputado es alumno del referido centro educativo y es se\u00f1alado como posible consumidor y distribuidor de narc\u00f3ticos al interior del plantel, situaci\u00f3n que motiv\u00f3 la intervenci\u00f3n de las autoridades.<\/p>\n<p>Las diligencias fueron realizadas por personal ministerial, policial y pericial, mediante acciones coordinadas que permitieron atender de manera oportuna la denuncia.<\/p>\n<p>En audiencia inicial, la autoridad judicial determin\u00f3 la vinculaci\u00f3n a proceso del imputado, as\u00ed como la imposici\u00f3n de prisi\u00f3n preventiva justificada como medida cautelar y 15 d\u00edas de investigaci\u00f3n complementaria<\/p>\n<p>La Fiscal\u00eda General del Estado refrenda su compromiso de investigar y perseguir los delitos contra la salud, especialmente aquellos que afectan a ni\u00f1as, ni\u00f1os y j\u00f3venes, garantizando entornos seguros y el acceso a la justicia.<\/p>\n","protected":false},"excerpt":{"rendered":"<p>La Fiscal\u00eda General del Estado de Quer\u00e9taro, en el marco de la estrategia Sinergia por Quer\u00e9taro, ejecut\u00f3 6 diligencias de cateo en diversas colonias de los municipios de Quer\u00e9taro y Corregidora, derivadas de una denuncia realizada por estudiantes de un plantel de educaci\u00f3n media superior. Como resultado de estas acciones, se logr\u00f3 la detenci\u00f3n de una persona, quien fue asegurada<\/p>\n<div class=\"h10\"><\/div>\n<p><a class=\"more-link2 flat\" href=\"https:\/\/elconspirador.com.mx\/?p=76690\">Leer m\u00e1s<\/a><\/p>\n","protected":false},"author":1,"featured_media":76691,"comment_status":"open","ping_status":"open","sticky":false,"template":"","format":"standard","meta":{"om_disable_all_campaigns":false,"_uf_show_specific_survey":0,"_uf_disable_surveys":false},"categories":[1],"tags":[],"aioseo_notices":[],"_links":{"self":[{"href":"https:\/\/elconspirador.com.mx\/index.php?rest_route=\/wp\/v2\/posts\/76690"}],"collection":[{"href":"https:\/\/elconspirador.com.mx\/index.php?rest_route=\/wp\/v2\/posts"}],"about":[{"href":"https:\/\/elconspirador.com.mx\/index.php?rest_route=\/wp\/v2\/types\/post"}],"author":[{"embeddable":true,"href":"https:\/\/elconspirador.com.mx\/index.php?rest_route=\/wp\/v2\/users\/1"}],"replies":[{"embeddable":true,"href":"https:\/\/elconspirador.com.mx\/index.php?rest_route=%2Fwp%2Fv2%2Fcomments&post=76690"}],"version-history":[{"count":1,"href":"https:\/\/elconspirador.com.mx\/index.php?rest_route=\/wp\/v2\/posts\/76690\/revisions"}],"predecessor-version":[{"id":76692,"href":"https:\/\/elconspirador.com.mx\/index.php?rest_route=\/wp\/v2\/posts\/76690\/revisions\/76692"}],"wp:featuredmedia":[{"embeddable":true,"href":"https:\/\/elconspirador.com.mx\/index.php?rest_route=\/wp\/v2\/media\/76691"}],"wp:attachment":[{"href":"https:\/\/elconspirador.com.mx\/index.php?rest_route=%2Fwp%2Fv2%2Fmedia&parent=76690"}],"wp:term":[{"taxonomy":"category","embeddable":true,"href":"https:\/\/elconspirador.com.mx\/index.php?rest_route=%2Fwp%2Fv2%2Fcategories&post=76690"},{"taxonomy":"post_tag","embeddable":true,"href":"https:\/\/elconspirador.com.mx\/index.php?rest_route=%2Fwp%2Fv2%2Ftags&post=76690"}],"curies":[{"name":"wp","href":"https:\/\/api.w.org\/{rel}","templated":true}]}}