{"id":76837,"date":"2026-04-12T20:04:36","date_gmt":"2026-04-13T02:04:36","guid":{"rendered":"https:\/\/elconspirador.com.mx\/?p=76837"},"modified":"2026-04-12T20:04:36","modified_gmt":"2026-04-13T02:04:36","slug":"acepta-queretaro-adherirse-al-imss-bienestar","status":"publish","type":"post","link":"https:\/\/elconspirador.com.mx\/?p=76837","title":{"rendered":"ACEPTA QUER\u00c9TARO ADHERIRSE AL IMSS &#8211; BIENESTAR"},"content":{"rendered":"<p>La secretaria de Salud del estado, Martina P\u00e9rez Rend\u00f3n, confirm\u00f3 que Quer\u00e9taro se adherir\u00e1 al sistema federal IMSS-Bienestar, luego de que el gobierno de M\u00e9xico anunciara un modelo de salud universal que contempla la credencializaci\u00f3n de los beneficiarios.<\/p>\n<p>La funcionaria estatal se\u00f1al\u00f3 que, hasta el momento, no han recibido lineamientos formales por parte de la federaci\u00f3n, por lo que se mantienen a la espera de indicaciones para avanzar en el proceso.<\/p>\n<p>\u201cEstaremos esperando que nos citen, que nos vayan dando lineamientos. Por supuesto, si tenemos que trabajar en ese proceso de credencializaci\u00f3n, que creo, tengo entendido, que la credencializaci\u00f3n la ir\u00e1 haciendo la Secretar\u00eda del Bienestar, pues nos sumaremos como nos vayan indicando\u201d.<\/p>\n<p>P\u00e9rez Rend\u00f3n explic\u00f3 que, aunque el estado a\u00fan no est\u00e1 oficialmente adherido al sistema, los servicios de salud locales ya contemplan la recepci\u00f3n de credenciales de afiliados una vez que estas comiencen a distribuirse.<\/p>\n<p>Asimismo, indic\u00f3 que ser\u00e1 necesario conocer a detalle el proceso de implementaci\u00f3n, particularmente en lo relacionado con la digitalizaci\u00f3n del sistema de salud.<\/p>\n<p>\u201cUna vez que nos inviten a conocer el detalle de c\u00f3mo se har\u00e1 y c\u00f3mo se realizar\u00e1 toda la digitalizaci\u00f3n, por supuesto que s\u00ed. Una de las cosas que se coment\u00f3, y de lo primero de lo que se habl\u00f3 de la digitalizaci\u00f3n, es que puedas identificar d\u00f3nde est\u00e1 tu unidad\u201d.<\/p>\n<p>Finalmente, destac\u00f3 que la dependencia estatal ya ha comenzado a brindar atenci\u00f3n a personas afiliadas a sistemas federales de salud, al menos en el primer nivel de atenci\u00f3n, como parte de la coordinaci\u00f3n previa a la integraci\u00f3n formal al nuevo esquema.<\/p>\n","protected":false},"excerpt":{"rendered":"<p>La secretaria de Salud del estado, Martina P\u00e9rez Rend\u00f3n, confirm\u00f3 que Quer\u00e9taro se adherir\u00e1 al sistema federal IMSS-Bienestar, luego de que el gobierno de M\u00e9xico anunciara un modelo de salud universal que contempla la credencializaci\u00f3n de los beneficiarios. La funcionaria estatal se\u00f1al\u00f3 que, hasta el momento, no han recibido lineamientos formales por parte de la federaci\u00f3n, por lo que se<\/p>\n<div class=\"h10\"><\/div>\n<p><a class=\"more-link2 flat\" href=\"https:\/\/elconspirador.com.mx\/?p=76837\">Leer m\u00e1s<\/a><\/p>\n","protected":false},"author":1,"featured_media":76822,"comment_status":"open","ping_status":"open","sticky":false,"template":"","format":"standard","meta":{"om_disable_all_campaigns":false,"_uf_show_specific_survey":0,"_uf_disable_surveys":false},"categories":[1],"tags":[],"aioseo_notices":[],"_links":{"self":[{"href":"https:\/\/elconspirador.com.mx\/index.php?rest_route=\/wp\/v2\/posts\/76837"}],"collection":[{"href":"https:\/\/elconspirador.com.mx\/index.php?rest_route=\/wp\/v2\/posts"}],"about":[{"href":"https:\/\/elconspirador.com.mx\/index.php?rest_route=\/wp\/v2\/types\/post"}],"author":[{"embeddable":true,"href":"https:\/\/elconspirador.com.mx\/index.php?rest_route=\/wp\/v2\/users\/1"}],"replies":[{"embeddable":true,"href":"https:\/\/elconspirador.com.mx\/index.php?rest_route=%2Fwp%2Fv2%2Fcomments&post=76837"}],"version-history":[{"count":1,"href":"https:\/\/elconspirador.com.mx\/index.php?rest_route=\/wp\/v2\/posts\/76837\/revisions"}],"predecessor-version":[{"id":76838,"href":"https:\/\/elconspirador.com.mx\/index.php?rest_route=\/wp\/v2\/posts\/76837\/revisions\/76838"}],"wp:featuredmedia":[{"embeddable":true,"href":"https:\/\/elconspirador.com.mx\/index.php?rest_route=\/wp\/v2\/media\/76822"}],"wp:attachment":[{"href":"https:\/\/elconspirador.com.mx\/index.php?rest_route=%2Fwp%2Fv2%2Fmedia&parent=76837"}],"wp:term":[{"taxonomy":"category","embeddable":true,"href":"https:\/\/elconspirador.com.mx\/index.php?rest_route=%2Fwp%2Fv2%2Fcategories&post=76837"},{"taxonomy":"post_tag","embeddable":true,"href":"https:\/\/elconspirador.com.mx\/index.php?rest_route=%2Fwp%2Fv2%2Ftags&post=76837"}],"curies":[{"name":"wp","href":"https:\/\/api.w.org\/{rel}","templated":true}]}}