{"id":76840,"date":"2026-04-12T11:55:42","date_gmt":"2026-04-12T17:55:42","guid":{"rendered":"https:\/\/elconspirador.com.mx\/?p=76840"},"modified":"2026-04-12T11:55:42","modified_gmt":"2026-04-12T17:55:42","slug":"gabinete-de-kuri-acudira-con-colectivos-de-movilidad","status":"publish","type":"post","link":"https:\/\/elconspirador.com.mx\/?p=76840","title":{"rendered":"GABINETE DE KURI ACUDIR\u00c1 CON COLECTIVOS DE MOVILIDAD"},"content":{"rendered":"<p>El gobernador del estado, Mauricio Kuri Gonz\u00e1lez, reiter\u00f3 que no asistir\u00e1 al encuentro solicitado por colectivos de movilidad en Quer\u00e9taro, quienes buscan dialogar sobre diversos temas pendientes en la materia.<\/p>\n<p>Cabe recordar que distintas organizaciones ciudadanas solicitaron formalmente una audiencia con el mandatario estatal con el objetivo de exponer problem\u00e1ticas y propuestas relacionadas con la movilidad en la entidad.<\/p>\n<p>Ante ello, el titular del Poder Ejecutivo estatal afirm\u00f3 que, si bien respalda la participaci\u00f3n ciudadana, ser\u00e1n integrantes de su gabinete quienes atiendan a los colectivos en una primera instancia.<\/p>\n<p>\u201cA m\u00ed me gusta mucho que haya siempre participaci\u00f3n ciudadana, se los agradezco infinitamente. Ojal\u00e1 me puedan ayudar a que primero sean recibidos ellos para empezar a ver qu\u00e9 es lo que se necesita\u201d.<\/p>\n<p>El gobernador explic\u00f3 que su decisi\u00f3n de no acudir al encuentro ya hab\u00eda sido comunicada previamente, por lo que reiter\u00f3 que funcionarios de su administraci\u00f3n ser\u00e1n los encargados de atender las solicitudes de los colectivos.<\/p>\n<p>De esta manera, el gobierno estatal mantendr\u00e1 el di\u00e1logo con los grupos ciudadanos a trav\u00e9s de sus dependencias, con el fin de analizar las demandas y planteamientos en materia de movilidad.<\/p>\n","protected":false},"excerpt":{"rendered":"<p>El gobernador del estado, Mauricio Kuri Gonz\u00e1lez, reiter\u00f3 que no asistir\u00e1 al encuentro solicitado por colectivos de movilidad en Quer\u00e9taro, quienes buscan dialogar sobre diversos temas pendientes en la materia. Cabe recordar que distintas organizaciones ciudadanas solicitaron formalmente una audiencia con el mandatario estatal con el objetivo de exponer problem\u00e1ticas y propuestas relacionadas con la movilidad en la entidad. Ante<\/p>\n<div class=\"h10\"><\/div>\n<p><a class=\"more-link2 flat\" href=\"https:\/\/elconspirador.com.mx\/?p=76840\">Leer m\u00e1s<\/a><\/p>\n","protected":false},"author":1,"featured_media":76841,"comment_status":"open","ping_status":"open","sticky":false,"template":"","format":"standard","meta":{"om_disable_all_campaigns":false,"_uf_show_specific_survey":0,"_uf_disable_surveys":false},"categories":[1],"tags":[],"aioseo_notices":[],"_links":{"self":[{"href":"https:\/\/elconspirador.com.mx\/index.php?rest_route=\/wp\/v2\/posts\/76840"}],"collection":[{"href":"https:\/\/elconspirador.com.mx\/index.php?rest_route=\/wp\/v2\/posts"}],"about":[{"href":"https:\/\/elconspirador.com.mx\/index.php?rest_route=\/wp\/v2\/types\/post"}],"author":[{"embeddable":true,"href":"https:\/\/elconspirador.com.mx\/index.php?rest_route=\/wp\/v2\/users\/1"}],"replies":[{"embeddable":true,"href":"https:\/\/elconspirador.com.mx\/index.php?rest_route=%2Fwp%2Fv2%2Fcomments&post=76840"}],"version-history":[{"count":1,"href":"https:\/\/elconspirador.com.mx\/index.php?rest_route=\/wp\/v2\/posts\/76840\/revisions"}],"predecessor-version":[{"id":76842,"href":"https:\/\/elconspirador.com.mx\/index.php?rest_route=\/wp\/v2\/posts\/76840\/revisions\/76842"}],"wp:featuredmedia":[{"embeddable":true,"href":"https:\/\/elconspirador.com.mx\/index.php?rest_route=\/wp\/v2\/media\/76841"}],"wp:attachment":[{"href":"https:\/\/elconspirador.com.mx\/index.php?rest_route=%2Fwp%2Fv2%2Fmedia&parent=76840"}],"wp:term":[{"taxonomy":"category","embeddable":true,"href":"https:\/\/elconspirador.com.mx\/index.php?rest_route=%2Fwp%2Fv2%2Fcategories&post=76840"},{"taxonomy":"post_tag","embeddable":true,"href":"https:\/\/elconspirador.com.mx\/index.php?rest_route=%2Fwp%2Fv2%2Ftags&post=76840"}],"curies":[{"name":"wp","href":"https:\/\/api.w.org\/{rel}","templated":true}]}}