{"id":76877,"date":"2026-04-10T13:02:00","date_gmt":"2026-04-10T19:02:00","guid":{"rendered":"https:\/\/elconspirador.com.mx\/?p=76877"},"modified":"2026-04-10T13:02:00","modified_gmt":"2026-04-10T19:02:00","slug":"ya-arrancan-trabajos-del-tren-en-b-quintana","status":"publish","type":"post","link":"https:\/\/elconspirador.com.mx\/?p=76877","title":{"rendered":"YA ARRANCAN TRABAJOS DEL TREN EN B. QUINTANA"},"content":{"rendered":"<p>El gobernador de Quer\u00e9taro, Mauricio Kuri Gonz\u00e1lez, anunci\u00f3 que en pr\u00f3ximos d\u00edas ser\u00e1 el arranque de los trabajos de intervenci\u00f3n en el puente ferroviario de Bernardo Quintana, como parte del proyecto del tren de pasajeros M\u00e9xico-Quer\u00e9taro.<\/p>\n<p>Detall\u00f3 que las labores se realizar\u00e1n principalmente durante la noche, con el objetivo de reducir el impacto en la movilidad de la zona.<\/p>\n<p>&#8220;Tengo entendido que ya van a empezar a trabajar sobre las laterales y que el puente lo van a trabajar en las noches&#8221;.<\/p>\n<p>El mandatario estatal se\u00f1al\u00f3 que uno de los puntos que generaba mayor preocupaci\u00f3n era el puente de Corregidora Norte; sin embargo, asegur\u00f3 que ya fue atendido para mitigar afectaciones viales.<\/p>\n<p>&#8220;El puente que m\u00e1s nos preocupaba es el de Corregidora Norte y lo pudimos arreglar con el tema de la movilidad&#8221;.<\/p>\n<p>En ese sentido, estim\u00f3 que las obras en Bernardo Quintana no generar\u00e1n cierres viales como ocurri\u00f3 en otras zonas, debido a la estrategia de trabajo nocturno.<\/p>\n<p>Asimismo, confi\u00f3 en que los trabajos en la zona de El Cerrito concluyan en el plazo previsto, lo que permitir\u00e1 avanzar con otras intervenciones en la capital.<\/p>\n<p>&#8220;Hab\u00edan quedado que era m\u00e1ximo seis meses, llevamos de enero a la fecha tres meses y cacho. Esperemos que lo terminen en tiempo y forma; lo que he visto es que van con mucha gente trabajando&#8221;.<\/p>\n","protected":false},"excerpt":{"rendered":"<p>El gobernador de Quer\u00e9taro, Mauricio Kuri Gonz\u00e1lez, anunci\u00f3 que en pr\u00f3ximos d\u00edas ser\u00e1 el arranque de los trabajos de intervenci\u00f3n en el puente ferroviario de Bernardo Quintana, como parte del proyecto del tren de pasajeros M\u00e9xico-Quer\u00e9taro. Detall\u00f3 que las labores se realizar\u00e1n principalmente durante la noche, con el objetivo de reducir el impacto en la movilidad de la zona. &#8220;Tengo<\/p>\n<div class=\"h10\"><\/div>\n<p><a class=\"more-link2 flat\" href=\"https:\/\/elconspirador.com.mx\/?p=76877\">Leer m\u00e1s<\/a><\/p>\n","protected":false},"author":1,"featured_media":76878,"comment_status":"open","ping_status":"open","sticky":false,"template":"","format":"standard","meta":{"om_disable_all_campaigns":false,"_uf_show_specific_survey":0,"_uf_disable_surveys":false},"categories":[1],"tags":[],"aioseo_notices":[],"_links":{"self":[{"href":"https:\/\/elconspirador.com.mx\/index.php?rest_route=\/wp\/v2\/posts\/76877"}],"collection":[{"href":"https:\/\/elconspirador.com.mx\/index.php?rest_route=\/wp\/v2\/posts"}],"about":[{"href":"https:\/\/elconspirador.com.mx\/index.php?rest_route=\/wp\/v2\/types\/post"}],"author":[{"embeddable":true,"href":"https:\/\/elconspirador.com.mx\/index.php?rest_route=\/wp\/v2\/users\/1"}],"replies":[{"embeddable":true,"href":"https:\/\/elconspirador.com.mx\/index.php?rest_route=%2Fwp%2Fv2%2Fcomments&post=76877"}],"version-history":[{"count":1,"href":"https:\/\/elconspirador.com.mx\/index.php?rest_route=\/wp\/v2\/posts\/76877\/revisions"}],"predecessor-version":[{"id":76879,"href":"https:\/\/elconspirador.com.mx\/index.php?rest_route=\/wp\/v2\/posts\/76877\/revisions\/76879"}],"wp:featuredmedia":[{"embeddable":true,"href":"https:\/\/elconspirador.com.mx\/index.php?rest_route=\/wp\/v2\/media\/76878"}],"wp:attachment":[{"href":"https:\/\/elconspirador.com.mx\/index.php?rest_route=%2Fwp%2Fv2%2Fmedia&parent=76877"}],"wp:term":[{"taxonomy":"category","embeddable":true,"href":"https:\/\/elconspirador.com.mx\/index.php?rest_route=%2Fwp%2Fv2%2Fcategories&post=76877"},{"taxonomy":"post_tag","embeddable":true,"href":"https:\/\/elconspirador.com.mx\/index.php?rest_route=%2Fwp%2Fv2%2Ftags&post=76877"}],"curies":[{"name":"wp","href":"https:\/\/api.w.org\/{rel}","templated":true}]}}