{"id":76880,"date":"2026-04-11T08:44:21","date_gmt":"2026-04-11T14:44:21","guid":{"rendered":"https:\/\/elconspirador.com.mx\/?p=76880"},"modified":"2026-04-11T08:44:21","modified_gmt":"2026-04-11T14:44:21","slug":"han-aplicado-en-queretaro-250-mil-dosis-vs-el-sarampion","status":"publish","type":"post","link":"https:\/\/elconspirador.com.mx\/?p=76880","title":{"rendered":"HAN APLICADO EN QUER\u00c9TARO 250 MIL DOSIS VS EL SARAMPI\u00d3N"},"content":{"rendered":"<p>En lo que va del a\u00f1o, en Quer\u00e9taro se han aplicado alrededor de 250 mil dosis de vacuna contra el sarampi\u00f3n, inform\u00f3 la secretaria de Salud estatal, Martina P\u00e9rez Rend\u00f3n, ante el registro de 44 casos de esta enfermedad.<\/p>\n<p>La funcionaria se\u00f1al\u00f3 que, aunque el n\u00famero de contagios es mayor al del a\u00f1o pasado, no se han presentado brotes de mayor magnitud en la entidad.<\/p>\n<p>&#8220;Son muchos m\u00e1s casos que los que ten\u00edamos el a\u00f1o pasado, pero no hemos tenido brotes mayores. Seguimos ofertando la vacunaci\u00f3n, llevamos casi, este a\u00f1o nada m\u00e1s, alrededor de 250 mil dosis aplicadas&#8221;.<\/p>\n<p>Explic\u00f3 que la estrategia de vacunaci\u00f3n se mantiene activa tanto en unidades de salud como en m\u00f3dulos itinerantes, con el objetivo de ampliar la cobertura entre la poblaci\u00f3n.<\/p>\n<p>&#8220;De preferencia, acudan a la unidad de salud m\u00e1s cercana; independientemente de su derechohabiencia, estamos vacunando sin ese requisito&#8221;.<\/p>\n<p>Asimismo, P\u00e9rez Rend\u00f3n mencion\u00f3 que el sarampi\u00f3n tiene un comportamiento estacional, por lo que se espera una disminuci\u00f3n de casos en los pr\u00f3ximos meses conforme cambien las condiciones clim\u00e1ticas.<\/p>\n","protected":false},"excerpt":{"rendered":"<p>En lo que va del a\u00f1o, en Quer\u00e9taro se han aplicado alrededor de 250 mil dosis de vacuna contra el sarampi\u00f3n, inform\u00f3 la secretaria de Salud estatal, Martina P\u00e9rez Rend\u00f3n, ante el registro de 44 casos de esta enfermedad. La funcionaria se\u00f1al\u00f3 que, aunque el n\u00famero de contagios es mayor al del a\u00f1o pasado, no se han presentado brotes de<\/p>\n<div class=\"h10\"><\/div>\n<p><a class=\"more-link2 flat\" href=\"https:\/\/elconspirador.com.mx\/?p=76880\">Leer m\u00e1s<\/a><\/p>\n","protected":false},"author":1,"featured_media":76881,"comment_status":"open","ping_status":"open","sticky":false,"template":"","format":"standard","meta":{"om_disable_all_campaigns":false,"_uf_show_specific_survey":0,"_uf_disable_surveys":false},"categories":[1],"tags":[],"aioseo_notices":[],"_links":{"self":[{"href":"https:\/\/elconspirador.com.mx\/index.php?rest_route=\/wp\/v2\/posts\/76880"}],"collection":[{"href":"https:\/\/elconspirador.com.mx\/index.php?rest_route=\/wp\/v2\/posts"}],"about":[{"href":"https:\/\/elconspirador.com.mx\/index.php?rest_route=\/wp\/v2\/types\/post"}],"author":[{"embeddable":true,"href":"https:\/\/elconspirador.com.mx\/index.php?rest_route=\/wp\/v2\/users\/1"}],"replies":[{"embeddable":true,"href":"https:\/\/elconspirador.com.mx\/index.php?rest_route=%2Fwp%2Fv2%2Fcomments&post=76880"}],"version-history":[{"count":1,"href":"https:\/\/elconspirador.com.mx\/index.php?rest_route=\/wp\/v2\/posts\/76880\/revisions"}],"predecessor-version":[{"id":76882,"href":"https:\/\/elconspirador.com.mx\/index.php?rest_route=\/wp\/v2\/posts\/76880\/revisions\/76882"}],"wp:featuredmedia":[{"embeddable":true,"href":"https:\/\/elconspirador.com.mx\/index.php?rest_route=\/wp\/v2\/media\/76881"}],"wp:attachment":[{"href":"https:\/\/elconspirador.com.mx\/index.php?rest_route=%2Fwp%2Fv2%2Fmedia&parent=76880"}],"wp:term":[{"taxonomy":"category","embeddable":true,"href":"https:\/\/elconspirador.com.mx\/index.php?rest_route=%2Fwp%2Fv2%2Fcategories&post=76880"},{"taxonomy":"post_tag","embeddable":true,"href":"https:\/\/elconspirador.com.mx\/index.php?rest_route=%2Fwp%2Fv2%2Ftags&post=76880"}],"curies":[{"name":"wp","href":"https:\/\/api.w.org\/{rel}","templated":true}]}}