{"id":76883,"date":"2026-04-10T20:23:35","date_gmt":"2026-04-11T02:23:35","guid":{"rendered":"https:\/\/elconspirador.com.mx\/?p=76883"},"modified":"2026-04-10T20:23:35","modified_gmt":"2026-04-11T02:23:35","slug":"no-hay-denuncias-por-filtraciones-de-videos-en-moteles-queretanos","status":"publish","type":"post","link":"https:\/\/elconspirador.com.mx\/?p=76883","title":{"rendered":"NO HAY DENUNCIAS POR FILTRACIONES DE VIDEOS EN MOTELES QUERETANOS"},"content":{"rendered":"<p>El fiscal general del estado, V\u00edctor Antonio de Jes\u00fas Hern\u00e1ndez, inform\u00f3 que hasta el momento no se ha presentado ninguna denuncia formal relacionada con la supuesta filtraci\u00f3n de videos \u00edntimos en moteles y hoteles de Quer\u00e9taro.<\/p>\n<p>Esto luego de que en d\u00edas recientes circulara en medios de comunicaci\u00f3n y redes sociales informaci\u00f3n sobre la presunta grabaci\u00f3n y difusi\u00f3n de contenido sin consentimiento, lo que podr\u00eda constituir un delito.<\/p>\n<p>Sin embargo, el titular de la Fiscal\u00eda aclar\u00f3 que no existen querellas registradas por estos hechos.<\/p>\n<p>&#8220;Yo no tengo ninguna denuncia relacionada, recientemente, con una situaci\u00f3n de difusi\u00f3n de im\u00e1genes, videos o algo que haya sucedido en alg\u00fan hotel o motel de la entidad&#8221;.<\/p>\n<p>En ese sentido, explic\u00f3 que la informaci\u00f3n difundida hasta ahora no ha sido acompa\u00f1ada por denuncias de posibles v\u00edctimas, por lo que no se ha iniciado una investigaci\u00f3n formal.<\/p>\n<p>Por ello, reiter\u00f3 que, hasta el momento, se trata de versiones que han circulado \u00fanicamente en redes sociales.<\/p>\n","protected":false},"excerpt":{"rendered":"<p>El fiscal general del estado, V\u00edctor Antonio de Jes\u00fas Hern\u00e1ndez, inform\u00f3 que hasta el momento no se ha presentado ninguna denuncia formal relacionada con la supuesta filtraci\u00f3n de videos \u00edntimos en moteles y hoteles de Quer\u00e9taro. Esto luego de que en d\u00edas recientes circulara en medios de comunicaci\u00f3n y redes sociales informaci\u00f3n sobre la presunta grabaci\u00f3n y difusi\u00f3n de contenido<\/p>\n<div class=\"h10\"><\/div>\n<p><a class=\"more-link2 flat\" href=\"https:\/\/elconspirador.com.mx\/?p=76883\">Leer m\u00e1s<\/a><\/p>\n","protected":false},"author":1,"featured_media":76884,"comment_status":"open","ping_status":"open","sticky":false,"template":"","format":"standard","meta":{"om_disable_all_campaigns":false,"_uf_show_specific_survey":0,"_uf_disable_surveys":false},"categories":[1],"tags":[],"aioseo_notices":[],"_links":{"self":[{"href":"https:\/\/elconspirador.com.mx\/index.php?rest_route=\/wp\/v2\/posts\/76883"}],"collection":[{"href":"https:\/\/elconspirador.com.mx\/index.php?rest_route=\/wp\/v2\/posts"}],"about":[{"href":"https:\/\/elconspirador.com.mx\/index.php?rest_route=\/wp\/v2\/types\/post"}],"author":[{"embeddable":true,"href":"https:\/\/elconspirador.com.mx\/index.php?rest_route=\/wp\/v2\/users\/1"}],"replies":[{"embeddable":true,"href":"https:\/\/elconspirador.com.mx\/index.php?rest_route=%2Fwp%2Fv2%2Fcomments&post=76883"}],"version-history":[{"count":1,"href":"https:\/\/elconspirador.com.mx\/index.php?rest_route=\/wp\/v2\/posts\/76883\/revisions"}],"predecessor-version":[{"id":76885,"href":"https:\/\/elconspirador.com.mx\/index.php?rest_route=\/wp\/v2\/posts\/76883\/revisions\/76885"}],"wp:featuredmedia":[{"embeddable":true,"href":"https:\/\/elconspirador.com.mx\/index.php?rest_route=\/wp\/v2\/media\/76884"}],"wp:attachment":[{"href":"https:\/\/elconspirador.com.mx\/index.php?rest_route=%2Fwp%2Fv2%2Fmedia&parent=76883"}],"wp:term":[{"taxonomy":"category","embeddable":true,"href":"https:\/\/elconspirador.com.mx\/index.php?rest_route=%2Fwp%2Fv2%2Fcategories&post=76883"},{"taxonomy":"post_tag","embeddable":true,"href":"https:\/\/elconspirador.com.mx\/index.php?rest_route=%2Fwp%2Fv2%2Ftags&post=76883"}],"curies":[{"name":"wp","href":"https:\/\/api.w.org\/{rel}","templated":true}]}}