{"id":76889,"date":"2026-04-11T09:22:50","date_gmt":"2026-04-11T15:22:50","guid":{"rendered":"https:\/\/elconspirador.com.mx\/?p=76889"},"modified":"2026-04-11T09:22:50","modified_gmt":"2026-04-11T15:22:50","slug":"mina-clausurada-no-tenia-armas-ni-objetos-ilicitos","status":"publish","type":"post","link":"https:\/\/elconspirador.com.mx\/?p=76889","title":{"rendered":"MINA CLAUSURADA NO TEN\u00cdA ARMAS NI OBJETOS IL\u00cdCITOS"},"content":{"rendered":"<p>El secretario de Gobierno del estado, Eric Gudi\u00f1o Torres, asegur\u00f3 que no se detect\u00f3 la presencia de personas armadas durante la clausura de una mina en el municipio de Pe\u00f1amiller, llevada a cabo por autoridades federales.<\/p>\n<p>Lo anterior, luego de que circularan versiones en algunos medios sobre supuestos hombres armados en el lugar durante el operativo en la comunidad de La Plazuela, donde se realizaba la extracci\u00f3n ilegal de mercurio.<\/p>\n<p>&#8220;Es importante aclarar que en ning\u00fan momento se encontr\u00f3 gente armada en los supuestos hechos que se vienen informando en algunos medios&#8221;.<\/p>\n<p>El funcionario estatal explic\u00f3 que la intervenci\u00f3n de la Fiscal\u00eda General de la Rep\u00fablica respondi\u00f3 a la falta de permisos federales para la operaci\u00f3n de la mina.<\/p>\n<p>&#8220;La Fiscal\u00eda General de la Rep\u00fablica actu\u00f3 en una solicitud que hizo una instancia federal, derivado de una solicitud de la SEMARNAT, de que no hab\u00eda un permiso para operar cierta mina&#8221;.<\/p>\n<p>Asimismo, record\u00f3 que previamente se hab\u00edan difundido reportes internacionales sobre un posible v\u00ednculo entre el crimen organizado y el tr\u00e1fico de mercurio en la regi\u00f3n; sin embargo, tras inspecciones, no se encontraron indicios de estas actividades.<\/p>\n<p>Con ello, reiter\u00f3 que la clausura obedeci\u00f3 \u00fanicamente a irregularidades administrativas y no a hechos relacionados con la presencia de grupos delictivos.<\/p>\n","protected":false},"excerpt":{"rendered":"<p>El secretario de Gobierno del estado, Eric Gudi\u00f1o Torres, asegur\u00f3 que no se detect\u00f3 la presencia de personas armadas durante la clausura de una mina en el municipio de Pe\u00f1amiller, llevada a cabo por autoridades federales. Lo anterior, luego de que circularan versiones en algunos medios sobre supuestos hombres armados en el lugar durante el operativo en la comunidad de<\/p>\n<div class=\"h10\"><\/div>\n<p><a class=\"more-link2 flat\" href=\"https:\/\/elconspirador.com.mx\/?p=76889\">Leer m\u00e1s<\/a><\/p>\n","protected":false},"author":1,"featured_media":76890,"comment_status":"open","ping_status":"open","sticky":false,"template":"","format":"standard","meta":{"om_disable_all_campaigns":false,"_uf_show_specific_survey":0,"_uf_disable_surveys":false},"categories":[1],"tags":[],"aioseo_notices":[],"_links":{"self":[{"href":"https:\/\/elconspirador.com.mx\/index.php?rest_route=\/wp\/v2\/posts\/76889"}],"collection":[{"href":"https:\/\/elconspirador.com.mx\/index.php?rest_route=\/wp\/v2\/posts"}],"about":[{"href":"https:\/\/elconspirador.com.mx\/index.php?rest_route=\/wp\/v2\/types\/post"}],"author":[{"embeddable":true,"href":"https:\/\/elconspirador.com.mx\/index.php?rest_route=\/wp\/v2\/users\/1"}],"replies":[{"embeddable":true,"href":"https:\/\/elconspirador.com.mx\/index.php?rest_route=%2Fwp%2Fv2%2Fcomments&post=76889"}],"version-history":[{"count":1,"href":"https:\/\/elconspirador.com.mx\/index.php?rest_route=\/wp\/v2\/posts\/76889\/revisions"}],"predecessor-version":[{"id":76891,"href":"https:\/\/elconspirador.com.mx\/index.php?rest_route=\/wp\/v2\/posts\/76889\/revisions\/76891"}],"wp:featuredmedia":[{"embeddable":true,"href":"https:\/\/elconspirador.com.mx\/index.php?rest_route=\/wp\/v2\/media\/76890"}],"wp:attachment":[{"href":"https:\/\/elconspirador.com.mx\/index.php?rest_route=%2Fwp%2Fv2%2Fmedia&parent=76889"}],"wp:term":[{"taxonomy":"category","embeddable":true,"href":"https:\/\/elconspirador.com.mx\/index.php?rest_route=%2Fwp%2Fv2%2Fcategories&post=76889"},{"taxonomy":"post_tag","embeddable":true,"href":"https:\/\/elconspirador.com.mx\/index.php?rest_route=%2Fwp%2Fv2%2Ftags&post=76889"}],"curies":[{"name":"wp","href":"https:\/\/api.w.org\/{rel}","templated":true}]}}