{"id":76892,"date":"2026-04-10T14:47:44","date_gmt":"2026-04-10T20:47:44","guid":{"rendered":"https:\/\/elconspirador.com.mx\/?p=76892"},"modified":"2026-04-10T14:47:44","modified_gmt":"2026-04-10T20:47:44","slug":"detienen-a-dos-sujetos-generadores-de-violencia-en-srj","status":"publish","type":"post","link":"https:\/\/elconspirador.com.mx\/?p=76892","title":{"rendered":"DETIENEN A DOS SUJETOS GENERADORES DE VIOLENCIA EN SRJ"},"content":{"rendered":"<p>Fuerte operativo policial se registr\u00f3 esta tarde en La Solana San Juan, donde dos personas fueron detenidas por elementos de la Polic\u00eda Estatal en coordinaci\u00f3n con Polic\u00eda Municipal, luego de una agresi\u00f3n a balazos en San Jos\u00e9 Buenavista, delegaci\u00f3n de Santa Rosa J\u00e1uregui.<\/p>\n<p>Se conoci\u00f3 que un grupo de sujetos arrib\u00f3 hasta un inmueble en construcci\u00f3n en La Solana San Juan, donde robaron material de construcci\u00f3n y golpearon a los trabajadores del lugar, para despu\u00e9s darse a la fuga del lugar, hacia la comunidad de San Jos\u00e9 Buenavista.<\/p>\n<p>Los afectados se organizaron y se juntaron con habitantes de la comunidad y se trasladaron a San Jos\u00e9 Buenavista, donde ubicaron a uno de los responsables conocido como El Baro, a quien le dispararon dej\u00e1ndolo mal herido.<\/p>\n<p>Tras el reporte al 911, a trav\u00e9s de las herramientas tecnol\u00f3gicas, la Polic\u00eda Estatal di\u00f3 seguimiento a los agresores y los ubic\u00f3 en La Solana San Juan, hasta donde acudi\u00f3 un fuerte operativo de Polic\u00eda Estatales, Municipales y de Investigaci\u00f3n del Delito.<\/p>\n<p>En el lugar se report\u00f3 la detenci\u00f3n de dos sujetos que ser\u00edan los responsables de accionar armas de fuego contra el lesionado y presunto ladr\u00f3n, quien fue trasladado a un hospital para recibir atenci\u00f3n m\u00e9dica, mientras que los detenidos quedaron a disposici\u00f3n de la Fiscal\u00eda del Estado.<\/p>\n","protected":false},"excerpt":{"rendered":"<p>Fuerte operativo policial se registr\u00f3 esta tarde en La Solana San Juan, donde dos personas fueron detenidas por elementos de la Polic\u00eda Estatal en coordinaci\u00f3n con Polic\u00eda Municipal, luego de una agresi\u00f3n a balazos en San Jos\u00e9 Buenavista, delegaci\u00f3n de Santa Rosa J\u00e1uregui. Se conoci\u00f3 que un grupo de sujetos arrib\u00f3 hasta un inmueble en construcci\u00f3n en La Solana San<\/p>\n<div class=\"h10\"><\/div>\n<p><a class=\"more-link2 flat\" href=\"https:\/\/elconspirador.com.mx\/?p=76892\">Leer m\u00e1s<\/a><\/p>\n","protected":false},"author":1,"featured_media":76893,"comment_status":"open","ping_status":"open","sticky":false,"template":"","format":"standard","meta":{"om_disable_all_campaigns":false,"_uf_show_specific_survey":0,"_uf_disable_surveys":false},"categories":[1],"tags":[],"aioseo_notices":[],"_links":{"self":[{"href":"https:\/\/elconspirador.com.mx\/index.php?rest_route=\/wp\/v2\/posts\/76892"}],"collection":[{"href":"https:\/\/elconspirador.com.mx\/index.php?rest_route=\/wp\/v2\/posts"}],"about":[{"href":"https:\/\/elconspirador.com.mx\/index.php?rest_route=\/wp\/v2\/types\/post"}],"author":[{"embeddable":true,"href":"https:\/\/elconspirador.com.mx\/index.php?rest_route=\/wp\/v2\/users\/1"}],"replies":[{"embeddable":true,"href":"https:\/\/elconspirador.com.mx\/index.php?rest_route=%2Fwp%2Fv2%2Fcomments&post=76892"}],"version-history":[{"count":1,"href":"https:\/\/elconspirador.com.mx\/index.php?rest_route=\/wp\/v2\/posts\/76892\/revisions"}],"predecessor-version":[{"id":76894,"href":"https:\/\/elconspirador.com.mx\/index.php?rest_route=\/wp\/v2\/posts\/76892\/revisions\/76894"}],"wp:featuredmedia":[{"embeddable":true,"href":"https:\/\/elconspirador.com.mx\/index.php?rest_route=\/wp\/v2\/media\/76893"}],"wp:attachment":[{"href":"https:\/\/elconspirador.com.mx\/index.php?rest_route=%2Fwp%2Fv2%2Fmedia&parent=76892"}],"wp:term":[{"taxonomy":"category","embeddable":true,"href":"https:\/\/elconspirador.com.mx\/index.php?rest_route=%2Fwp%2Fv2%2Fcategories&post=76892"},{"taxonomy":"post_tag","embeddable":true,"href":"https:\/\/elconspirador.com.mx\/index.php?rest_route=%2Fwp%2Fv2%2Ftags&post=76892"}],"curies":[{"name":"wp","href":"https:\/\/api.w.org\/{rel}","templated":true}]}}