{"id":76895,"date":"2026-04-10T15:29:56","date_gmt":"2026-04-10T21:29:56","guid":{"rendered":"https:\/\/elconspirador.com.mx\/?p=76895"},"modified":"2026-04-10T15:30:59","modified_gmt":"2026-04-10T21:30:59","slug":"76895","status":"publish","type":"post","link":"https:\/\/elconspirador.com.mx\/?p=76895","title":{"rendered":"FELIFER ANUNCIA M\u00c1S CAMBIOS EN SU GABINETE"},"content":{"rendered":"<p>El presidente municipal, Felifer Mac\u00edas, dio a conocer los nuevos ajustes en su equipo de colaboradores, como parte de la estrategia para fortalecer el trabajo y mantener una administraci\u00f3n cercana y eficiente a la ciudadan\u00eda.<\/p>\n<p>Felifer Mac\u00edas, expres\u00f3 que estos nuevos nombramientos permitir\u00e1n reforzar el trabajo en favor del bienestar de las familias queretanas, y les instruy\u00f3 a ser cercanos a la poblaci\u00f3n y sensibles a sus necesidades.<\/p>\n<p>As\u00ed, el presidente municipal design\u00f3 a Luis Ricardo Villalobos Hern\u00e1ndez, como nuevo delegado municipal en Villa Cayetano Rubio, en sustituci\u00f3n de Ana Florencia Maldonado, quien recientemente fue designada coordinadora de delegaciones.<\/p>\n<p>Adem\u00e1s, en la delegaci\u00f3n de Santa Rosa J\u00e1uregui, Felifer Mac\u00edas determin\u00f3 nombrar a Leobardo P\u00e9rez Santana, quien asume el cargo en sustituci\u00f3n de Mauricio Zumaya.<\/p>\n<p>Adem\u00e1s, confirm\u00f3 a Mar\u00eda Cristina L\u00f3pez G\u00f3mez, quien asume la Coordinaci\u00f3n del Centro de Innovaci\u00f3n y Tecnolog\u00eda Creativa (BLOQUE); y design\u00f3 a Mariana P\u00e9rez de Celis Canseco, como la nueva titular de la Comisi\u00f3n de Mejora Regulatoria.<\/p>\n<p>Felifer Mac\u00edas, instruy\u00f3 a los nuevos integrantes de su equipo a mantener un trabajo eficiente y cercano a la ciudadan\u00eda, para seguir en la construcci\u00f3n de un Quer\u00e9taro con orden y rumbo, para mejorar la calidad de vida para los habitantes.<\/p>\n","protected":false},"excerpt":{"rendered":"<p>El presidente municipal, Felifer Mac\u00edas, dio a conocer los nuevos ajustes en su equipo de colaboradores, como parte de la estrategia para fortalecer el trabajo y mantener una administraci\u00f3n cercana y eficiente a la ciudadan\u00eda. Felifer Mac\u00edas, expres\u00f3 que estos nuevos nombramientos permitir\u00e1n reforzar el trabajo en favor del bienestar de las familias queretanas, y les instruy\u00f3 a ser cercanos<\/p>\n<div class=\"h10\"><\/div>\n<p><a class=\"more-link2 flat\" href=\"https:\/\/elconspirador.com.mx\/?p=76895\">Leer m\u00e1s<\/a><\/p>\n","protected":false},"author":1,"featured_media":76896,"comment_status":"open","ping_status":"open","sticky":false,"template":"","format":"standard","meta":{"om_disable_all_campaigns":false,"_uf_show_specific_survey":0,"_uf_disable_surveys":false},"categories":[1],"tags":[],"aioseo_notices":[],"_links":{"self":[{"href":"https:\/\/elconspirador.com.mx\/index.php?rest_route=\/wp\/v2\/posts\/76895"}],"collection":[{"href":"https:\/\/elconspirador.com.mx\/index.php?rest_route=\/wp\/v2\/posts"}],"about":[{"href":"https:\/\/elconspirador.com.mx\/index.php?rest_route=\/wp\/v2\/types\/post"}],"author":[{"embeddable":true,"href":"https:\/\/elconspirador.com.mx\/index.php?rest_route=\/wp\/v2\/users\/1"}],"replies":[{"embeddable":true,"href":"https:\/\/elconspirador.com.mx\/index.php?rest_route=%2Fwp%2Fv2%2Fcomments&post=76895"}],"version-history":[{"count":2,"href":"https:\/\/elconspirador.com.mx\/index.php?rest_route=\/wp\/v2\/posts\/76895\/revisions"}],"predecessor-version":[{"id":76899,"href":"https:\/\/elconspirador.com.mx\/index.php?rest_route=\/wp\/v2\/posts\/76895\/revisions\/76899"}],"wp:featuredmedia":[{"embeddable":true,"href":"https:\/\/elconspirador.com.mx\/index.php?rest_route=\/wp\/v2\/media\/76896"}],"wp:attachment":[{"href":"https:\/\/elconspirador.com.mx\/index.php?rest_route=%2Fwp%2Fv2%2Fmedia&parent=76895"}],"wp:term":[{"taxonomy":"category","embeddable":true,"href":"https:\/\/elconspirador.com.mx\/index.php?rest_route=%2Fwp%2Fv2%2Fcategories&post=76895"},{"taxonomy":"post_tag","embeddable":true,"href":"https:\/\/elconspirador.com.mx\/index.php?rest_route=%2Fwp%2Fv2%2Ftags&post=76895"}],"curies":[{"name":"wp","href":"https:\/\/api.w.org\/{rel}","templated":true}]}}