{"id":76914,"date":"2026-04-11T11:00:09","date_gmt":"2026-04-11T17:00:09","guid":{"rendered":"https:\/\/elconspirador.com.mx\/?p=76914"},"modified":"2026-04-11T11:01:42","modified_gmt":"2026-04-11T17:01:42","slug":"entregan-despensas-en-corregidora","status":"publish","type":"post","link":"https:\/\/elconspirador.com.mx\/?p=76914","title":{"rendered":"ENTREGAN DESPENSAS EN CORREGIDORA"},"content":{"rendered":"<p class=\"s6\"><span class=\"s5\"><span class=\"bumpedFont15\">Desde la Unidad Deportiva de El Pueblito, e<\/span><\/span><span class=\"s5\"><span class=\"bumpedFont15\">l presidente municipal de Corregidora, Chepe Guerrero<\/span><\/span><span class=\"s5\"><span class=\"bumpedFont15\">,<\/span><\/span><span class=\"s5\"><span class=\"bumpedFont15\"> y el<\/span><\/span><span class=\"s5\"><span class=\"bumpedFont15\">gobernador, Mauricio Kuri, e<\/span><\/span><span class=\"s5\"><span class=\"bumpedFont15\">ntregaron <\/span><\/span><span class=\"s5\"><span class=\"bumpedFont15\">m\u00e1s de<\/span><\/span><span class=\"s5\"><span class=\"bumpedFont15\"> 200 <\/span><\/span><span class=\"s5\"><span class=\"bumpedFont15\">despensas en apoyo a la econom\u00eda de las familias de Corregidora,<\/span><\/span><a name=\"_GoBack\"><\/a><span class=\"s5\"><span class=\"bumpedFont15\"> a trav\u00e9s del programa<\/span><\/span><span class=\"s5\"><span class=\"bumpedFont15\"> \u201cContigo en t<\/span><\/span><span class=\"s5\"><span class=\"bumpedFont15\">u Mesa\u201d,<\/span><\/span> <span class=\"s5\"><span class=\"bumpedFont15\">sumando m\u00e1s de 1,650 beneficiados de este programa en la demarcaci\u00f3n y m\u00e1s de 28 mil en la entidad. <\/span><\/span><\/p>\n<p class=\"s6\"><span class=\"s5\">\u00a0<\/span><\/p>\n<p class=\"s6\"><span class=\"s5\"><span class=\"bumpedFont15\">Chepe Guerrero agradeci\u00f3 al Gobierno del Estado por siempre <\/span><\/span><span class=\"s5\"><span class=\"bumpedFont15\">apoyar <\/span><\/span><span class=\"s5\"><span class=\"bumpedFont15\">a las familias de Corregidora desde cada una de sus dependencias, as\u00ed como la disposici\u00f3n de trabajar de manera coordinada con la Administraci\u00f3n Municipal. \u00a0<\/span><\/span><\/p>\n<p class=\"s6\"><span class=\"s5\">\u00a0<\/span><\/p>\n<p class=\"s6\"><span class=\"s5\"><span class=\"bumpedFont15\">\u201cCuando tenemos un evento con adultos mayores me da mucha emoci\u00f3n, porque tengo la oportunidad de expresarles el respeto, solidaridad y el apoyo que tienen de parte del presidente municipal y del mayor aliado que puede tener Corregidora, que es nuestro gobernador Mauricio Kuri\u201d, destac\u00f3. <\/span><\/span><\/p>\n<p class=\"s6\"><span class=\"s5\">\u00a0<\/span><\/p>\n<p class=\"s6\"><span class=\"s5\"><span class=\"bumpedFont15\">El titular de la Secretar\u00eda de Desarrollo Social en el<\/span><\/span><span class=\"s5\"><span class=\"bumpedFont15\">Estado, Luis Nava, detall\u00f3 que se incr<\/span><\/span><span class=\"s5\"><span class=\"bumpedFont15\">ement\u00f3 la cantidad de insumos en<\/span><\/span><span class=\"s5\"><span class=\"bumpedFont15\"> cada despensa, incluyendo huevo y otros productos que permiten una alimentaci\u00f3n saludable y diversa. <\/span><\/span><\/p>\n<p class=\"s6\"><span class=\"s5\">\u00a0<\/span><\/p>\n<p class=\"s6\"><span class=\"s5\"><span class=\"bumpedFont15\">\u201cEn esta ocasi\u00f3n nos muestran todo lo que se puede preparar con este apoyo alimentario que les brindamos a nuestros adultos mayores y personas en estado de vulnerabilidad. Agradezco al gobernador, Mauricio Kuri, que siempre est\u00e1 atento a mejorar el programa\u201d, se\u00f1al\u00f3. <\/span><\/span><\/p>\n<p class=\"s6\"><span class=\"s5\">\u00a0<\/span><\/p>\n<p class=\"s6\"><span class=\"s5\"><span class=\"bumpedFont15\">Posterior al protocolo, se llev\u00f3 a cabo la <\/span><\/span><span class=\"s5\"><span class=\"bumpedFont15\">degustaci\u00f3n de 39 platillos<\/span><\/span><span class=\"s5\"><span class=\"bumpedFont15\"> que se pueden preparar con los apoyos alimentarios entregados, contando tambi\u00e9n con la presencia del senador de la Rep\u00fablica, Agust\u00edn Dorantes; la diputada federal, Lorena Garc\u00eda; as\u00ed como integrantes del Gabinete Municipal de Corregidora. <\/span><\/span><\/p>\n<p class=\"s6\"><span class=\"s5\">\u00a0<\/span><\/p>\n","protected":false},"excerpt":{"rendered":"<p>Desde la Unidad Deportiva de El Pueblito, el presidente municipal de Corregidora, Chepe Guerrero, y elgobernador, Mauricio Kuri, entregaron m\u00e1s de 200 despensas en apoyo a la econom\u00eda de las familias de Corregidora, a trav\u00e9s del programa \u201cContigo en tu Mesa\u201d, sumando m\u00e1s de 1,650 beneficiados de este programa en la demarcaci\u00f3n y m\u00e1s de 28 mil en la entidad.<\/p>\n<div class=\"h10\"><\/div>\n<p><a class=\"more-link2 flat\" href=\"https:\/\/elconspirador.com.mx\/?p=76914\">Leer m\u00e1s<\/a><\/p>\n","protected":false},"author":1,"featured_media":76917,"comment_status":"open","ping_status":"open","sticky":false,"template":"","format":"standard","meta":{"om_disable_all_campaigns":false,"_uf_show_specific_survey":0,"_uf_disable_surveys":false},"categories":[1],"tags":[],"aioseo_notices":[],"_links":{"self":[{"href":"https:\/\/elconspirador.com.mx\/index.php?rest_route=\/wp\/v2\/posts\/76914"}],"collection":[{"href":"https:\/\/elconspirador.com.mx\/index.php?rest_route=\/wp\/v2\/posts"}],"about":[{"href":"https:\/\/elconspirador.com.mx\/index.php?rest_route=\/wp\/v2\/types\/post"}],"author":[{"embeddable":true,"href":"https:\/\/elconspirador.com.mx\/index.php?rest_route=\/wp\/v2\/users\/1"}],"replies":[{"embeddable":true,"href":"https:\/\/elconspirador.com.mx\/index.php?rest_route=%2Fwp%2Fv2%2Fcomments&post=76914"}],"version-history":[{"count":1,"href":"https:\/\/elconspirador.com.mx\/index.php?rest_route=\/wp\/v2\/posts\/76914\/revisions"}],"predecessor-version":[{"id":76916,"href":"https:\/\/elconspirador.com.mx\/index.php?rest_route=\/wp\/v2\/posts\/76914\/revisions\/76916"}],"wp:featuredmedia":[{"embeddable":true,"href":"https:\/\/elconspirador.com.mx\/index.php?rest_route=\/wp\/v2\/media\/76917"}],"wp:attachment":[{"href":"https:\/\/elconspirador.com.mx\/index.php?rest_route=%2Fwp%2Fv2%2Fmedia&parent=76914"}],"wp:term":[{"taxonomy":"category","embeddable":true,"href":"https:\/\/elconspirador.com.mx\/index.php?rest_route=%2Fwp%2Fv2%2Fcategories&post=76914"},{"taxonomy":"post_tag","embeddable":true,"href":"https:\/\/elconspirador.com.mx\/index.php?rest_route=%2Fwp%2Fv2%2Ftags&post=76914"}],"curies":[{"name":"wp","href":"https:\/\/api.w.org\/{rel}","templated":true}]}}