{"id":76918,"date":"2026-04-12T18:41:32","date_gmt":"2026-04-13T00:41:32","guid":{"rendered":"https:\/\/elconspirador.com.mx\/?p=76918"},"modified":"2026-04-12T18:41:32","modified_gmt":"2026-04-13T00:41:32","slug":"detenido-por-violencia-familiar-6","status":"publish","type":"post","link":"https:\/\/elconspirador.com.mx\/?p=76918","title":{"rendered":"DETENIDO POR VIOLENCIA FAMILIAR"},"content":{"rendered":"<p>Polic\u00edas Estatales efectuaban recorridos de vigilancia en La Negreta, municipio de Corregidora, cuando realizaron una intervenci\u00f3n de rutina.<\/p>\n<p>Luego de consultar los datos del tripulante de una motocicleta en el Sistema Plataforma M\u00e9xico, este arroj\u00f3 una orden de aprehensi\u00f3n vigente por violencia familiar.<\/p>\n<p>El presunto responsable fue informado de sus derechos como detenido y se puso a disposici\u00f3n de la Fiscal\u00eda para dar seguimiento a la indagatoria.<\/p>\n","protected":false},"excerpt":{"rendered":"<p>Polic\u00edas Estatales efectuaban recorridos de vigilancia en La Negreta, municipio de Corregidora, cuando realizaron una intervenci\u00f3n de rutina. Luego de consultar los datos del tripulante de una motocicleta en el Sistema Plataforma M\u00e9xico, este arroj\u00f3 una orden de aprehensi\u00f3n vigente por violencia familiar. El presunto responsable fue informado de sus derechos como detenido y se puso a disposici\u00f3n de la<\/p>\n<div class=\"h10\"><\/div>\n<p><a class=\"more-link2 flat\" href=\"https:\/\/elconspirador.com.mx\/?p=76918\">Leer m\u00e1s<\/a><\/p>\n","protected":false},"author":1,"featured_media":76919,"comment_status":"open","ping_status":"open","sticky":false,"template":"","format":"standard","meta":{"om_disable_all_campaigns":false,"_uf_show_specific_survey":0,"_uf_disable_surveys":false},"categories":[1],"tags":[],"aioseo_notices":[],"_links":{"self":[{"href":"https:\/\/elconspirador.com.mx\/index.php?rest_route=\/wp\/v2\/posts\/76918"}],"collection":[{"href":"https:\/\/elconspirador.com.mx\/index.php?rest_route=\/wp\/v2\/posts"}],"about":[{"href":"https:\/\/elconspirador.com.mx\/index.php?rest_route=\/wp\/v2\/types\/post"}],"author":[{"embeddable":true,"href":"https:\/\/elconspirador.com.mx\/index.php?rest_route=\/wp\/v2\/users\/1"}],"replies":[{"embeddable":true,"href":"https:\/\/elconspirador.com.mx\/index.php?rest_route=%2Fwp%2Fv2%2Fcomments&post=76918"}],"version-history":[{"count":1,"href":"https:\/\/elconspirador.com.mx\/index.php?rest_route=\/wp\/v2\/posts\/76918\/revisions"}],"predecessor-version":[{"id":76920,"href":"https:\/\/elconspirador.com.mx\/index.php?rest_route=\/wp\/v2\/posts\/76918\/revisions\/76920"}],"wp:featuredmedia":[{"embeddable":true,"href":"https:\/\/elconspirador.com.mx\/index.php?rest_route=\/wp\/v2\/media\/76919"}],"wp:attachment":[{"href":"https:\/\/elconspirador.com.mx\/index.php?rest_route=%2Fwp%2Fv2%2Fmedia&parent=76918"}],"wp:term":[{"taxonomy":"category","embeddable":true,"href":"https:\/\/elconspirador.com.mx\/index.php?rest_route=%2Fwp%2Fv2%2Fcategories&post=76918"},{"taxonomy":"post_tag","embeddable":true,"href":"https:\/\/elconspirador.com.mx\/index.php?rest_route=%2Fwp%2Fv2%2Ftags&post=76918"}],"curies":[{"name":"wp","href":"https:\/\/api.w.org\/{rel}","templated":true}]}}