{"id":76927,"date":"2026-04-11T17:20:23","date_gmt":"2026-04-11T23:20:23","guid":{"rendered":"https:\/\/elconspirador.com.mx\/?p=76927"},"modified":"2026-04-11T17:20:23","modified_gmt":"2026-04-11T23:20:23","slug":"nieto-solicita-licencia-para-separarse-del-impi","status":"publish","type":"post","link":"https:\/\/elconspirador.com.mx\/?p=76927","title":{"rendered":"NIETO SOLICITA LICENCIA PARA SEPARARSE DEL IMPI"},"content":{"rendered":"<p>El queretano Santiago Nieto Castillo solicit\u00f3 a la presidenta Claudia Sheinbaum Pardo y al secretario de Econom\u00eda, Marceo Ebrard, autorizaci\u00f3n para separarse de la titularidad del IMPI en b\u00fasqueda de participar en el proceso electoral del 2027.<\/p>\n<p>Durante una reuni\u00f3n con militantes de Morena en la comunidad de La Llave el a\u00fan funcionario federal anunci\u00f3 esta solicitud.<\/p>\n<p>Nieto Castillo busca encabezar el proceso interno de Morena para coordinar los comit\u00e9s de defensa de la 4T en Quer\u00e9taro, la fecha limite para el registro es el 22 de junio.<\/p>\n","protected":false},"excerpt":{"rendered":"<p>El queretano Santiago Nieto Castillo solicit\u00f3 a la presidenta Claudia Sheinbaum Pardo y al secretario de Econom\u00eda, Marceo Ebrard, autorizaci\u00f3n para separarse de la titularidad del IMPI en b\u00fasqueda de participar en el proceso electoral del 2027. Durante una reuni\u00f3n con militantes de Morena en la comunidad de La Llave el a\u00fan funcionario federal anunci\u00f3 esta solicitud. Nieto Castillo busca<\/p>\n<div class=\"h10\"><\/div>\n<p><a class=\"more-link2 flat\" href=\"https:\/\/elconspirador.com.mx\/?p=76927\">Leer m\u00e1s<\/a><\/p>\n","protected":false},"author":1,"featured_media":76928,"comment_status":"open","ping_status":"open","sticky":false,"template":"","format":"standard","meta":{"om_disable_all_campaigns":false,"_uf_show_specific_survey":0,"_uf_disable_surveys":false},"categories":[1],"tags":[],"aioseo_notices":[],"_links":{"self":[{"href":"https:\/\/elconspirador.com.mx\/index.php?rest_route=\/wp\/v2\/posts\/76927"}],"collection":[{"href":"https:\/\/elconspirador.com.mx\/index.php?rest_route=\/wp\/v2\/posts"}],"about":[{"href":"https:\/\/elconspirador.com.mx\/index.php?rest_route=\/wp\/v2\/types\/post"}],"author":[{"embeddable":true,"href":"https:\/\/elconspirador.com.mx\/index.php?rest_route=\/wp\/v2\/users\/1"}],"replies":[{"embeddable":true,"href":"https:\/\/elconspirador.com.mx\/index.php?rest_route=%2Fwp%2Fv2%2Fcomments&post=76927"}],"version-history":[{"count":1,"href":"https:\/\/elconspirador.com.mx\/index.php?rest_route=\/wp\/v2\/posts\/76927\/revisions"}],"predecessor-version":[{"id":76929,"href":"https:\/\/elconspirador.com.mx\/index.php?rest_route=\/wp\/v2\/posts\/76927\/revisions\/76929"}],"wp:featuredmedia":[{"embeddable":true,"href":"https:\/\/elconspirador.com.mx\/index.php?rest_route=\/wp\/v2\/media\/76928"}],"wp:attachment":[{"href":"https:\/\/elconspirador.com.mx\/index.php?rest_route=%2Fwp%2Fv2%2Fmedia&parent=76927"}],"wp:term":[{"taxonomy":"category","embeddable":true,"href":"https:\/\/elconspirador.com.mx\/index.php?rest_route=%2Fwp%2Fv2%2Fcategories&post=76927"},{"taxonomy":"post_tag","embeddable":true,"href":"https:\/\/elconspirador.com.mx\/index.php?rest_route=%2Fwp%2Fv2%2Ftags&post=76927"}],"curies":[{"name":"wp","href":"https:\/\/api.w.org\/{rel}","templated":true}]}}