{"id":76958,"date":"2026-04-12T22:06:58","date_gmt":"2026-04-13T04:06:58","guid":{"rendered":"https:\/\/elconspirador.com.mx\/?p=76958"},"modified":"2026-04-12T22:06:58","modified_gmt":"2026-04-13T04:06:58","slug":"felifer-entrega-andador-en-el-centro-historico","status":"publish","type":"post","link":"https:\/\/elconspirador.com.mx\/?p=76958","title":{"rendered":"FELIFER ENTREGA ANDADOR EN EL CENTRO HIST\u00d3RICO"},"content":{"rendered":"<p>Como parte de las estrategias de mejoramiento de la imagen urbana, establecidas en el Plan Orden, el presidente municipal de Quer\u00e9taro, Felifer Mac\u00edas, entrego la rehabilitaci\u00f3n del andador Jes\u00fas Garc\u00eda, en la delegaci\u00f3n Centro Hist\u00f3rico con la finalidad de que los ciudadanos transiten por espacios dignos y seguros.<\/p>\n<p>\u201cSeguimos cumpliendo compromisos, entregando resultados, entregando obra social. Estoy caminando sobre el andador Jes\u00fas Garc\u00eda, que acabamos de rehabilitar por completo. Este andador es de los m\u00e1s transitados, donde la gente camina todos los d\u00edas para conectar la Alameda Hidalgo con la calle de Reforma. Vean c\u00f3mo estaba antes, vean c\u00f3mo estaba este andador, todo grafiteado, todo destruido, sin iluminaci\u00f3n, muy deteriorado. Pues ahora ya le pusimos pintura en todas las fachadas, le pusimos drenaje, red de agua potable, nuevo alumbrado p\u00fablico, infraestructura a\u00e9rea y lo hemos embellecido por completo\u201d, expres\u00f3.<\/p>\n<p>Felifer Mac\u00edas agreg\u00f3 que, para esta obra se invirtieron cerca de siete millones de pesos y con ella se beneficia a m\u00e1s de un mill\u00f3n de personas, no solo las que habitan la zona sino a las que transitan y que ahora lo har\u00e1n de manera m\u00e1s segura.<\/p>\n<p>Detall\u00f3 que dentro de las obras se realiz\u00f3 la rehabilitaci\u00f3n de 450 metros cuadrados de pavimentaci\u00f3n del adoqu\u00edn de cantera, el cambio de drenaje sanitario y agua potable, la rehabilitaci\u00f3n de la red de alumbrado p\u00fablico, con colocaci\u00f3n de luminaria LED y el mejoramiento de las fachadas.<\/p>\n<p>El presidente municipal, sostuvo que con esta rehabilitaci\u00f3n hoy las y los ciudadanos cuentan con espacios m\u00e1s seguros, bien iluminados y en perfectas condiciones para que los queretanos puedan disfrutar el centro de la ciudad.<\/p>\n","protected":false},"excerpt":{"rendered":"<p>Como parte de las estrategias de mejoramiento de la imagen urbana, establecidas en el Plan Orden, el presidente municipal de Quer\u00e9taro, Felifer Mac\u00edas, entrego la rehabilitaci\u00f3n del andador Jes\u00fas Garc\u00eda, en la delegaci\u00f3n Centro Hist\u00f3rico con la finalidad de que los ciudadanos transiten por espacios dignos y seguros. \u201cSeguimos cumpliendo compromisos, entregando resultados, entregando obra social. Estoy caminando sobre el<\/p>\n<div class=\"h10\"><\/div>\n<p><a class=\"more-link2 flat\" href=\"https:\/\/elconspirador.com.mx\/?p=76958\">Leer m\u00e1s<\/a><\/p>\n","protected":false},"author":1,"featured_media":76959,"comment_status":"open","ping_status":"open","sticky":false,"template":"","format":"standard","meta":{"om_disable_all_campaigns":false,"_uf_show_specific_survey":0,"_uf_disable_surveys":false},"categories":[1],"tags":[],"aioseo_notices":[],"_links":{"self":[{"href":"https:\/\/elconspirador.com.mx\/index.php?rest_route=\/wp\/v2\/posts\/76958"}],"collection":[{"href":"https:\/\/elconspirador.com.mx\/index.php?rest_route=\/wp\/v2\/posts"}],"about":[{"href":"https:\/\/elconspirador.com.mx\/index.php?rest_route=\/wp\/v2\/types\/post"}],"author":[{"embeddable":true,"href":"https:\/\/elconspirador.com.mx\/index.php?rest_route=\/wp\/v2\/users\/1"}],"replies":[{"embeddable":true,"href":"https:\/\/elconspirador.com.mx\/index.php?rest_route=%2Fwp%2Fv2%2Fcomments&post=76958"}],"version-history":[{"count":1,"href":"https:\/\/elconspirador.com.mx\/index.php?rest_route=\/wp\/v2\/posts\/76958\/revisions"}],"predecessor-version":[{"id":76960,"href":"https:\/\/elconspirador.com.mx\/index.php?rest_route=\/wp\/v2\/posts\/76958\/revisions\/76960"}],"wp:featuredmedia":[{"embeddable":true,"href":"https:\/\/elconspirador.com.mx\/index.php?rest_route=\/wp\/v2\/media\/76959"}],"wp:attachment":[{"href":"https:\/\/elconspirador.com.mx\/index.php?rest_route=%2Fwp%2Fv2%2Fmedia&parent=76958"}],"wp:term":[{"taxonomy":"category","embeddable":true,"href":"https:\/\/elconspirador.com.mx\/index.php?rest_route=%2Fwp%2Fv2%2Fcategories&post=76958"},{"taxonomy":"post_tag","embeddable":true,"href":"https:\/\/elconspirador.com.mx\/index.php?rest_route=%2Fwp%2Fv2%2Ftags&post=76958"}],"curies":[{"name":"wp","href":"https:\/\/api.w.org\/{rel}","templated":true}]}}