{"id":76965,"date":"2026-04-13T20:08:57","date_gmt":"2026-04-14T02:08:57","guid":{"rendered":"https:\/\/elconspirador.com.mx\/?p=76965"},"modified":"2026-04-13T20:08:57","modified_gmt":"2026-04-14T02:08:57","slug":"a-prision-por-uso-de-documentos-falsos-y-cohecho","status":"publish","type":"post","link":"https:\/\/elconspirador.com.mx\/?p=76965","title":{"rendered":"A PRISI\u00d3N POR USO DE DOCUMENTOS FALSOS Y COHECHO"},"content":{"rendered":"<p>La Fiscal\u00eda General del Estado de Quer\u00e9taro obtuvo la vinculaci\u00f3n a proceso y prisi\u00f3n preventiva justificada en contra de dos hombres, por los delitos de uso de documento falso y cohecho, tras hechos ocurridos el 05 de marzo de 2026.<\/p>\n<p>De acuerdo con la investigaci\u00f3n, los imputados fueron detectados mientras circulaban en un veh\u00edculo sin placas de circulaci\u00f3n, portando un permiso provisional ap\u00f3crifo. Al ser interceptados por elementos de la Polic\u00eda Estatal (POES), uno de ellos ofreci\u00f3 una cantidad en efectivo a los oficiales con la finalidad de evitar la aplicaci\u00f3n de la ley y el aseguramiento del veh\u00edculo.<\/p>\n<p>Derivado de la intervenci\u00f3n, se confirm\u00f3 la falsedad del documento exhibido, as\u00ed como la conducta constitutiva de cohecho.<br \/>\nAsimismo, se estableci\u00f3 que los imputados cuentan con antecedentes por diversos delitos, entre ellos robo calificado, robo en lugar cerrado, desobediencia y resistencia de particulares, as\u00ed como delitos contra la seguridad p\u00fablica, lo que evidencia una conducta reiterada.<\/p>\n<p>En audiencia inicial, la autoridad judicial resolvi\u00f3 como legal la detenci\u00f3n, la vinculaci\u00f3n a proceso por ambos delitos, para ambos imputados, prisi\u00f3n preventiva justificada como medida cautelar y dos meses de investigaci\u00f3n complementaria.<\/p>\n<p>Las acciones fueron realizadas por personal de la Fiscal\u00eda General del Estado, la Polic\u00eda de Investigaci\u00f3n del Delito, en Sinergia con la Polic\u00eda Estatal (POES).<\/p>\n<p>La Fiscal\u00eda General del Estado reafirma su compromiso de investigar y perseguir los delitos que atentan contra la legalidad y el adecuado funcionamiento de las instituciones, garantizando el acceso a la justicia.<\/p>\n","protected":false},"excerpt":{"rendered":"<p>La Fiscal\u00eda General del Estado de Quer\u00e9taro obtuvo la vinculaci\u00f3n a proceso y prisi\u00f3n preventiva justificada en contra de dos hombres, por los delitos de uso de documento falso y cohecho, tras hechos ocurridos el 05 de marzo de 2026. De acuerdo con la investigaci\u00f3n, los imputados fueron detectados mientras circulaban en un veh\u00edculo sin placas de circulaci\u00f3n, portando un<\/p>\n<div class=\"h10\"><\/div>\n<p><a class=\"more-link2 flat\" href=\"https:\/\/elconspirador.com.mx\/?p=76965\">Leer m\u00e1s<\/a><\/p>\n","protected":false},"author":1,"featured_media":76966,"comment_status":"open","ping_status":"open","sticky":false,"template":"","format":"standard","meta":{"om_disable_all_campaigns":false,"_uf_show_specific_survey":0,"_uf_disable_surveys":false},"categories":[1],"tags":[],"aioseo_notices":[],"_links":{"self":[{"href":"https:\/\/elconspirador.com.mx\/index.php?rest_route=\/wp\/v2\/posts\/76965"}],"collection":[{"href":"https:\/\/elconspirador.com.mx\/index.php?rest_route=\/wp\/v2\/posts"}],"about":[{"href":"https:\/\/elconspirador.com.mx\/index.php?rest_route=\/wp\/v2\/types\/post"}],"author":[{"embeddable":true,"href":"https:\/\/elconspirador.com.mx\/index.php?rest_route=\/wp\/v2\/users\/1"}],"replies":[{"embeddable":true,"href":"https:\/\/elconspirador.com.mx\/index.php?rest_route=%2Fwp%2Fv2%2Fcomments&post=76965"}],"version-history":[{"count":1,"href":"https:\/\/elconspirador.com.mx\/index.php?rest_route=\/wp\/v2\/posts\/76965\/revisions"}],"predecessor-version":[{"id":76967,"href":"https:\/\/elconspirador.com.mx\/index.php?rest_route=\/wp\/v2\/posts\/76965\/revisions\/76967"}],"wp:featuredmedia":[{"embeddable":true,"href":"https:\/\/elconspirador.com.mx\/index.php?rest_route=\/wp\/v2\/media\/76966"}],"wp:attachment":[{"href":"https:\/\/elconspirador.com.mx\/index.php?rest_route=%2Fwp%2Fv2%2Fmedia&parent=76965"}],"wp:term":[{"taxonomy":"category","embeddable":true,"href":"https:\/\/elconspirador.com.mx\/index.php?rest_route=%2Fwp%2Fv2%2Fcategories&post=76965"},{"taxonomy":"post_tag","embeddable":true,"href":"https:\/\/elconspirador.com.mx\/index.php?rest_route=%2Fwp%2Fv2%2Ftags&post=76965"}],"curies":[{"name":"wp","href":"https:\/\/api.w.org\/{rel}","templated":true}]}}