{"id":76968,"date":"2026-04-13T08:15:04","date_gmt":"2026-04-13T14:15:04","guid":{"rendered":"https:\/\/elconspirador.com.mx\/?p=76968"},"modified":"2026-04-13T08:15:04","modified_gmt":"2026-04-13T14:15:04","slug":"retiran-arcotecho-en-escuela-de-corregidora","status":"publish","type":"post","link":"https:\/\/elconspirador.com.mx\/?p=76968","title":{"rendered":"RETIRAN ARCOTECHO EN ESCUELA DE CORREGIDORA"},"content":{"rendered":"<p class=\"s6\"><span class=\"s5\"><span class=\"bumpedFont15\">El presidente municipal de Corregidora, Chepe Guerrero<\/span><\/span><span class=\"s5\"><span class=\"bumpedFont15\">, <\/span><\/span><span class=\"s5\"><span class=\"bumpedFont15\">supervis\u00f3 el <\/span><\/span><span class=\"s5\"><span class=\"bumpedFont15\">retiro del <\/span><\/span><span class=\"s5\"><span class=\"bumpedFont15\">arcotecho <\/span><\/span><span class=\"s5\"><span class=\"bumpedFont15\">de la cancha de basquetbol, <\/span><\/span><span class=\"s5\"><span class=\"bumpedFont15\">ubicado en<\/span><\/span><span class=\"s5\"><span class=\"bumpedFont15\"> la colonia Tierra y Libertad<\/span><\/span><span class=\"s5\"><span class=\"bumpedFont15\">, el cual colaps\u00f3 debido a los fuertes vientos y lluvias registradas en las \u00faltimas horas. <\/span><\/span><span class=\"s5\"><span class=\"bumpedFont15\">Este hecho solamente registr\u00f3 da\u00f1os materiales<\/span><\/span><span class=\"s5\"><span class=\"bumpedFont15\">. <\/span><\/span><\/p>\n<p class=\"s6\"><span class=\"s5\">\u00a0<\/span><\/p>\n<p class=\"s6\"><span class=\"s5\"><span class=\"bumpedFont15\">\u201c<\/span><\/span><span class=\"s5\"><span class=\"bumpedFont15\">Desgraciadamente <\/span><\/span><span class=\"s5\"><span class=\"bumpedFont15\">la lluvia, el granizo y el viento provocaron el colapso del techumbre de la cancha. Desde el primer momento Protecci\u00f3n Civil, Seguridad P\u00fablica y Servicios P\u00fablicos atendieron el reporte y acordonaron la zona para evitar accidentes<\/span><\/span><span class=\"s5\"><span class=\"bumpedFont15\">. Hoy <\/span><\/span><span class=\"s5\"><span class=\"bumpedFont15\">estamos supervisando y les adelanto que vamos a volver a construir el arcotecho y haremos varias mejoras al parque aprovechando la intervenci\u00f3n&#8221;<\/span><\/span><span class=\"s5\"><span class=\"bumpedFont15\">, anunci\u00f3 <\/span><\/span><span class=\"s5\"><span class=\"bumpedFont15\">el alcalde Chepe Guerrero. <\/span><\/span><\/p>\n<p class=\"s6\"><span class=\"s5\">\u00a0<\/span><\/p>\n<p class=\"s6\"><span class=\"s5\"><span class=\"bumpedFont15\">De acuerdo con<\/span><\/span> <span class=\"s5\"><span class=\"bumpedFont15\">la <\/span><\/span><span class=\"s5\"><span class=\"bumpedFont15\">Unidad <\/span><\/span><span class=\"s5\"><span class=\"bumpedFont15\">Municipal <\/span><\/span><span class=\"s5\"><span class=\"bumpedFont15\">de Protecci\u00f3n Civil, la <\/span><\/span><span class=\"s5\"><span class=\"bumpedFont15\">lluvia dej\u00f3 un saldo de <\/span><\/span><span class=\"s5\"><span class=\"bumpedFont15\">4 viviendas con <\/span><\/span><span class=\"s5\"><span class=\"bumpedFont15\">ingreso de agua<\/span><\/span><span class=\"s5\"><span class=\"bumpedFont15\">, 2 en la colonia El Para\u00edso y<\/span><\/span><span class=\"s5\"><span class=\"bumpedFont15\"> otras<\/span><\/span><span class=\"s5\"><span class=\"bumpedFont15\"> 2 en la colonia Filosofal; <\/span><\/span><span class=\"s5\"><span class=\"bumpedFont15\">2 veh\u00edculos afectados por la ca\u00edda de un \u00e1rbol sobre Paseo Constituyentes<\/span><\/span><span class=\"s5\"><span class=\"bumpedFont15\"> en <\/span><\/span><span class=\"s5\"><span class=\"bumpedFont15\">la colonia Cruz de Fuego, el colapso de un arcotecho en la colonia Tierra y Libertad, la afectaci\u00f3n de un domo en Puerta Real y arrastre de material en el Libramiento Surponiente y distribuidor Candiles.<\/span><\/span> <span class=\"s5\"><span class=\"bumpedFont15\">Dichos reportes<\/span><\/span><span class=\"s5\"><span class=\"bumpedFont15\"> se atendieron <\/span><\/span><span class=\"s5\"><span class=\"bumpedFont15\">puntualmente <\/span><\/span><span class=\"s5\"><span class=\"bumpedFont15\">por cuerpos de emergencia y <\/span><\/span><span class=\"s5\"><span class=\"bumpedFont15\">brigadas de las distintas dependencias municipales.<\/span><\/span><\/p>\n<p class=\"s6\"><span class=\"s5\">\u00a0<\/span><\/p>\n<p class=\"s6\"><span class=\"s5\"><span class=\"bumpedFont15\">Durante las precipitaciones pluviales de este s\u00e1bado, se destaca el correcto funcionamiento de los 10 c\u00e1rcamos con los que cuenta el municipio de Corregidora gracias a los trabajos de limpieza y mantenimiento que se han realizado,<\/span><\/span><span class=\"s5\"><span class=\"bumpedFont15\"> previniendo <\/span><\/span><span class=\"s5\"><span class=\"bumpedFont15\">afecciones en las<\/span><\/span><span class=\"s5\"><span class=\"bumpedFont15\"> colonias Pir\u00e1mides, Paseos del Bosque, Puerta Real y Pueblo Nuevo, al estar ubicadas en una zona de alto riesgo.<\/span><\/span><\/p>\n<p class=\"s6\"><span class=\"s5\">\u00a0<\/span><\/p>\n<p class=\"s6\"><span class=\"s5\"><span class=\"bumpedFont15\">Cabe se\u00f1alar que<\/span><\/span><span class=\"s5\"><span class=\"bumpedFont15\">, adem\u00e1s de los trabajos preventivos, el <\/span><\/span><span class=\"s5\"><span class=\"bumpedFont15\">Plan de Contingencias \u201cTemporada de Lluvias 2026\u201d<\/span><\/span><span class=\"s5\"><span class=\"bumpedFont15\">, contempla <\/span><\/span><span class=\"s5\"><span class=\"bumpedFont15\">brigadas por parte de los titulares y personal de las diferentes dependencias municipales<\/span><\/span><span class=\"s5\"><span class=\"bumpedFont15\">, as\u00ed como<\/span><\/span><span class=\"s5\"><span class=\"bumpedFont15\"> la coordinaci\u00f3n entre los 3 niveles de gobierno <\/span><\/span><span class=\"s5\"><span class=\"bumpedFont15\">para la atenci\u00f3n inmediata<\/span><\/span><span class=\"s5\"><span class=\"bumpedFont15\">, <\/span><\/span><span class=\"s5\"><span class=\"bumpedFont15\">en caso de <\/span><\/span><span class=\"s5\"><span class=\"bumpedFont15\">presentarse afectaciones mayores.<\/span><\/span><\/p>\n","protected":false},"excerpt":{"rendered":"<p>El presidente municipal de Corregidora, Chepe Guerrero, supervis\u00f3 el retiro del arcotecho de la cancha de basquetbol, ubicado en la colonia Tierra y Libertad, el cual colaps\u00f3 debido a los fuertes vientos y lluvias registradas en las \u00faltimas horas. Este hecho solamente registr\u00f3 da\u00f1os materiales. \u00a0 \u201cDesgraciadamente la lluvia, el granizo y el viento provocaron el colapso del techumbre de<\/p>\n<div class=\"h10\"><\/div>\n<p><a class=\"more-link2 flat\" href=\"https:\/\/elconspirador.com.mx\/?p=76968\">Leer m\u00e1s<\/a><\/p>\n","protected":false},"author":1,"featured_media":76969,"comment_status":"open","ping_status":"open","sticky":false,"template":"","format":"standard","meta":{"om_disable_all_campaigns":false,"_uf_show_specific_survey":0,"_uf_disable_surveys":false},"categories":[1],"tags":[],"aioseo_notices":[],"_links":{"self":[{"href":"https:\/\/elconspirador.com.mx\/index.php?rest_route=\/wp\/v2\/posts\/76968"}],"collection":[{"href":"https:\/\/elconspirador.com.mx\/index.php?rest_route=\/wp\/v2\/posts"}],"about":[{"href":"https:\/\/elconspirador.com.mx\/index.php?rest_route=\/wp\/v2\/types\/post"}],"author":[{"embeddable":true,"href":"https:\/\/elconspirador.com.mx\/index.php?rest_route=\/wp\/v2\/users\/1"}],"replies":[{"embeddable":true,"href":"https:\/\/elconspirador.com.mx\/index.php?rest_route=%2Fwp%2Fv2%2Fcomments&post=76968"}],"version-history":[{"count":1,"href":"https:\/\/elconspirador.com.mx\/index.php?rest_route=\/wp\/v2\/posts\/76968\/revisions"}],"predecessor-version":[{"id":76970,"href":"https:\/\/elconspirador.com.mx\/index.php?rest_route=\/wp\/v2\/posts\/76968\/revisions\/76970"}],"wp:featuredmedia":[{"embeddable":true,"href":"https:\/\/elconspirador.com.mx\/index.php?rest_route=\/wp\/v2\/media\/76969"}],"wp:attachment":[{"href":"https:\/\/elconspirador.com.mx\/index.php?rest_route=%2Fwp%2Fv2%2Fmedia&parent=76968"}],"wp:term":[{"taxonomy":"category","embeddable":true,"href":"https:\/\/elconspirador.com.mx\/index.php?rest_route=%2Fwp%2Fv2%2Fcategories&post=76968"},{"taxonomy":"post_tag","embeddable":true,"href":"https:\/\/elconspirador.com.mx\/index.php?rest_route=%2Fwp%2Fv2%2Ftags&post=76968"}],"curies":[{"name":"wp","href":"https:\/\/api.w.org\/{rel}","templated":true}]}}