{"id":76998,"date":"2026-04-13T20:18:03","date_gmt":"2026-04-14T02:18:03","guid":{"rendered":"https:\/\/elconspirador.com.mx\/?p=76998"},"modified":"2026-04-13T20:18:03","modified_gmt":"2026-04-14T02:18:03","slug":"mas-de-28-mil-visitan-el-parque-bicentenario","status":"publish","type":"post","link":"https:\/\/elconspirador.com.mx\/?p=76998","title":{"rendered":"M\u00c1S DE 28 MIL VISITAN EL PARQUE BICENTENARIO"},"content":{"rendered":"<p>El presidente municipal Felifer Mac\u00edas fortalece los espacios p\u00fablicos para la convivencia familiar, como el Parque Bicentenario, que durante el periodo vacacional de Semana Santa y Pascua registr\u00f3 la visita de m\u00e1s de 28 mil personas, lo que lo posiciona como uno de los principales atractivos recreativos del municipio de Quer\u00e9taro.<\/p>\n<p>A partir del 27 de marzo, miles de familias acudieron al Parque Bicentenario para disfrutar de sus distintas atracciones y juegos mec\u00e1nicos, entre ellos la monta\u00f1a rusa y el parque acu\u00e1tico, lo que permiti\u00f3 cerrar el periodo vacacional con saldo blanco.<\/p>\n<p>Durante la Semana de Pascua, el parque registr\u00f3 un ingreso superior a los 10 mil visitantes, lo que confirma el inter\u00e9s de las familias por visitar y disfrutar este espacio. El parque acu\u00e1tico recibi\u00f3 a m\u00e1s de cuatro mil usuarios, mientras que una de las principales atracciones, la monta\u00f1a rusa, contabiliz\u00f3 5 mil 56 asistentes en ese mismo periodo.<\/p>\n<p>La afluencia super\u00f3 la registrada en 2025, al pasar de 25 mil a m\u00e1s de 28 mil personas que acudieron a disfrutar los diversos atractivos del Parque Bicentenario en el municipio de Quer\u00e9taro.<\/p>\n<p>Cabe destacar que, gracias a los operativos permanentes en materia de seguridad y protecci\u00f3n civil, se mantuvo saldo blanco durante el periodo vacacional, con acciones orientadas a proteger la integridad de las y los asistentes mediante la presencia de ambulancia, param\u00e9dicos, salvavidas capacitados y personal operativo especializado.<\/p>\n<p>Asimismo, el Municipio de Quer\u00e9taro invita a la ciudadan\u00eda a disfrutar del \u00faltimo fin de semana de actividades, del viernes 17 al domingo 19 de abril de 2026, con todas las atracciones y el parque acu\u00e1tico en operaci\u00f3n.<\/p>\n","protected":false},"excerpt":{"rendered":"<p>El presidente municipal Felifer Mac\u00edas fortalece los espacios p\u00fablicos para la convivencia familiar, como el Parque Bicentenario, que durante el periodo vacacional de Semana Santa y Pascua registr\u00f3 la visita de m\u00e1s de 28 mil personas, lo que lo posiciona como uno de los principales atractivos recreativos del municipio de Quer\u00e9taro. A partir del 27 de marzo, miles de familias<\/p>\n<div class=\"h10\"><\/div>\n<p><a class=\"more-link2 flat\" href=\"https:\/\/elconspirador.com.mx\/?p=76998\">Leer m\u00e1s<\/a><\/p>\n","protected":false},"author":1,"featured_media":76999,"comment_status":"open","ping_status":"open","sticky":false,"template":"","format":"standard","meta":{"om_disable_all_campaigns":false,"_uf_show_specific_survey":0,"_uf_disable_surveys":false},"categories":[1],"tags":[],"aioseo_notices":[],"_links":{"self":[{"href":"https:\/\/elconspirador.com.mx\/index.php?rest_route=\/wp\/v2\/posts\/76998"}],"collection":[{"href":"https:\/\/elconspirador.com.mx\/index.php?rest_route=\/wp\/v2\/posts"}],"about":[{"href":"https:\/\/elconspirador.com.mx\/index.php?rest_route=\/wp\/v2\/types\/post"}],"author":[{"embeddable":true,"href":"https:\/\/elconspirador.com.mx\/index.php?rest_route=\/wp\/v2\/users\/1"}],"replies":[{"embeddable":true,"href":"https:\/\/elconspirador.com.mx\/index.php?rest_route=%2Fwp%2Fv2%2Fcomments&post=76998"}],"version-history":[{"count":1,"href":"https:\/\/elconspirador.com.mx\/index.php?rest_route=\/wp\/v2\/posts\/76998\/revisions"}],"predecessor-version":[{"id":77000,"href":"https:\/\/elconspirador.com.mx\/index.php?rest_route=\/wp\/v2\/posts\/76998\/revisions\/77000"}],"wp:featuredmedia":[{"embeddable":true,"href":"https:\/\/elconspirador.com.mx\/index.php?rest_route=\/wp\/v2\/media\/76999"}],"wp:attachment":[{"href":"https:\/\/elconspirador.com.mx\/index.php?rest_route=%2Fwp%2Fv2%2Fmedia&parent=76998"}],"wp:term":[{"taxonomy":"category","embeddable":true,"href":"https:\/\/elconspirador.com.mx\/index.php?rest_route=%2Fwp%2Fv2%2Fcategories&post=76998"},{"taxonomy":"post_tag","embeddable":true,"href":"https:\/\/elconspirador.com.mx\/index.php?rest_route=%2Fwp%2Fv2%2Ftags&post=76998"}],"curies":[{"name":"wp","href":"https:\/\/api.w.org\/{rel}","templated":true}]}}