{"id":77039,"date":"2026-04-14T17:06:03","date_gmt":"2026-04-14T23:06:03","guid":{"rendered":"https:\/\/elconspirador.com.mx\/?p=77039"},"modified":"2026-04-14T17:06:03","modified_gmt":"2026-04-14T23:06:03","slug":"implementa-el-marques-actividad-via-recreativa","status":"publish","type":"post","link":"https:\/\/elconspirador.com.mx\/?p=77039","title":{"rendered":"IMPLEMENTA EL MARQU\u00c9S ACTIVIDAD \u201cV\u00cdA RECREATIVA\u201d"},"content":{"rendered":"<p>&nbsp;<\/p>\n<p>El municipio de El Marqu\u00e9s, a trav\u00e9s del Instituto Municipal para la Prevenci\u00f3n y Atenci\u00f3n de Conductas de Riesgo Centro Vive, implementar\u00e1 por primera vez la V\u00eda Recreativa, una estrategia orientada a fortalecer la convivencia familiar y promover la apropiaci\u00f3n de los espacios p\u00fablicos por parte de la ciudadan\u00eda.<\/p>\n<p>Este programa contempla la habilitaci\u00f3n temporal de espacios p\u00fablicos para la realizaci\u00f3n de actividades f\u00edsicas, deportivas y recreativas, como carreras, rodadas y caminatas, con el objetivo de fomentar la convivencia comunitaria y contribuir a la reconstrucci\u00f3n del tejido social. Para este 2026, Centro Vive proyecta llevar a cabo hasta 20 ediciones en distintas comunidades y fraccionamientos del municipio.<\/p>\n<p>La primera jornada se realizar\u00e1 el pr\u00f3ximo 19 de abril en el parque Nand\u00fa, ubicado en Zibat\u00e1, donde se desarrollar\u00e1n diversas actividades, como carrera familiar de 5 kil\u00f3metros, rodada recreativa, clase de calistenia, pintura en caballete y m\u00f3dulos did\u00e1cticos.<\/p>\n<p>De manera complementaria, en coordinaci\u00f3n con el Instituto Municipal de Protecci\u00f3n Animal (IMPA), se llevar\u00e1 a cabo la caminata canina \u201cHuellitas de Amor\u201d, en la que los asistentes podr\u00e1n participar en compa\u00f1\u00eda de sus mascotas en una ruta de dos a cuatro kil\u00f3metros. Las personas interesadas podr\u00e1n registrarse a partir de este 15 de abril a trav\u00e9s del siguiente enlace: https:\/\/forms.gle\/SVv943FU6NUXgYFe8.<\/p>\n<p>Asimismo, se realizar\u00e1n actividades con motivo del D\u00eda de las Ni\u00f1as y Ni\u00f1os, entre las que destacan juegos infantiles, show de payasos, presentaci\u00f3n de personajes, entrega de dulces, entre otras din\u00e1micas recreativas.<\/p>\n<p>Sumado a lo anterior, con el prop\u00f3sito de garantizar la inclusi\u00f3n y facilitar la participaci\u00f3n, se dispondr\u00e1 de pr\u00e9stamo de bicicletas para aquellas personas que deseen integrarse a las rodadas y no cuenten con una.<\/p>\n<p>Con estas acciones, el Gobierno Municipal de El Marqu\u00e9s, encabezado por Rodrigo Monsalvo Castel\u00e1n, refrenda su compromiso de generar entornos que favorezcan la sana convivencia, la participaci\u00f3n ciudadana y el uso positivo del espacio p\u00fablico en beneficio de las familias marquesinas.<\/p>\n","protected":false},"excerpt":{"rendered":"<p>&nbsp; El municipio de El Marqu\u00e9s, a trav\u00e9s del Instituto Municipal para la Prevenci\u00f3n y Atenci\u00f3n de Conductas de Riesgo Centro Vive, implementar\u00e1 por primera vez la V\u00eda Recreativa, una estrategia orientada a fortalecer la convivencia familiar y promover la apropiaci\u00f3n de los espacios p\u00fablicos por parte de la ciudadan\u00eda. Este programa contempla la habilitaci\u00f3n temporal de espacios p\u00fablicos para<\/p>\n<div class=\"h10\"><\/div>\n<p><a class=\"more-link2 flat\" href=\"https:\/\/elconspirador.com.mx\/?p=77039\">Leer m\u00e1s<\/a><\/p>\n","protected":false},"author":1,"featured_media":77040,"comment_status":"open","ping_status":"open","sticky":false,"template":"","format":"standard","meta":{"om_disable_all_campaigns":false,"_uf_show_specific_survey":0,"_uf_disable_surveys":false},"categories":[1],"tags":[],"aioseo_notices":[],"_links":{"self":[{"href":"https:\/\/elconspirador.com.mx\/index.php?rest_route=\/wp\/v2\/posts\/77039"}],"collection":[{"href":"https:\/\/elconspirador.com.mx\/index.php?rest_route=\/wp\/v2\/posts"}],"about":[{"href":"https:\/\/elconspirador.com.mx\/index.php?rest_route=\/wp\/v2\/types\/post"}],"author":[{"embeddable":true,"href":"https:\/\/elconspirador.com.mx\/index.php?rest_route=\/wp\/v2\/users\/1"}],"replies":[{"embeddable":true,"href":"https:\/\/elconspirador.com.mx\/index.php?rest_route=%2Fwp%2Fv2%2Fcomments&post=77039"}],"version-history":[{"count":1,"href":"https:\/\/elconspirador.com.mx\/index.php?rest_route=\/wp\/v2\/posts\/77039\/revisions"}],"predecessor-version":[{"id":77041,"href":"https:\/\/elconspirador.com.mx\/index.php?rest_route=\/wp\/v2\/posts\/77039\/revisions\/77041"}],"wp:featuredmedia":[{"embeddable":true,"href":"https:\/\/elconspirador.com.mx\/index.php?rest_route=\/wp\/v2\/media\/77040"}],"wp:attachment":[{"href":"https:\/\/elconspirador.com.mx\/index.php?rest_route=%2Fwp%2Fv2%2Fmedia&parent=77039"}],"wp:term":[{"taxonomy":"category","embeddable":true,"href":"https:\/\/elconspirador.com.mx\/index.php?rest_route=%2Fwp%2Fv2%2Fcategories&post=77039"},{"taxonomy":"post_tag","embeddable":true,"href":"https:\/\/elconspirador.com.mx\/index.php?rest_route=%2Fwp%2Fv2%2Ftags&post=77039"}],"curies":[{"name":"wp","href":"https:\/\/api.w.org\/{rel}","templated":true}]}}