{"id":77362,"date":"2026-04-22T13:50:20","date_gmt":"2026-04-22T19:50:20","guid":{"rendered":"https:\/\/elconspirador.com.mx\/?p=77362"},"modified":"2026-04-22T13:50:20","modified_gmt":"2026-04-22T19:50:20","slug":"detienen-a-dos-por-homicidio-doloso","status":"publish","type":"post","link":"https:\/\/elconspirador.com.mx\/?p=77362","title":{"rendered":"DETIENEN A DOS POR HOMICIDIO DOLOSO"},"content":{"rendered":"<p>La Fiscal\u00eda General del Estado de Quer\u00e9taro, a trav\u00e9s de la Polic\u00eda de Investigaci\u00f3n del Delito, cumpliment\u00f3 \u00f3rdenes de aprehensi\u00f3n en contra de dos personas por el delito de homicidio doloso, en colaboraci\u00f3n con la Agencia de Investigaci\u00f3n Criminal del estado de Guanajuato.<\/p>\n<p>Derivado de los actos de investigaci\u00f3n, se estableci\u00f3 la probable responsabilidad de Laiza \u201cN\u201d y Jos\u00e9 \u201cN\u201d, quienes contaban con un mandamiento judicial vigente por hechos ocurridos en el municipio de San Juan del R\u00edo, Quer\u00e9taro.<\/p>\n<p>Mediante trabajos de coordinaci\u00f3n y en Sinergia de autoridades de Guanajuato, los imputados fueron ubicados en el municipio de Coroneo, donde se llev\u00f3 a cabo su detenci\u00f3n, inform\u00e1ndoles en el lugar sobre el mandato judicial en su contra y sus derechos como personas detenidas, para posteriormente ser puestos a disposici\u00f3n de la autoridad judicial que los requiere.<\/p>\n<p>Estas acciones reflejan la Sinergia interinstitucional que permite dar cumplimiento a mandamientos judiciales fuera de la entidad, fortaleciendo la procuraci\u00f3n de justicia.<\/p>\n","protected":false},"excerpt":{"rendered":"<p>La Fiscal\u00eda General del Estado de Quer\u00e9taro, a trav\u00e9s de la Polic\u00eda de Investigaci\u00f3n del Delito, cumpliment\u00f3 \u00f3rdenes de aprehensi\u00f3n en contra de dos personas por el delito de homicidio doloso, en colaboraci\u00f3n con la Agencia de Investigaci\u00f3n Criminal del estado de Guanajuato. Derivado de los actos de investigaci\u00f3n, se estableci\u00f3 la probable responsabilidad de Laiza \u201cN\u201d y Jos\u00e9 \u201cN\u201d,<\/p>\n<div class=\"h10\"><\/div>\n<p><a class=\"more-link2 flat\" href=\"https:\/\/elconspirador.com.mx\/?p=77362\">Leer m\u00e1s<\/a><\/p>\n","protected":false},"author":1,"featured_media":77363,"comment_status":"open","ping_status":"open","sticky":false,"template":"","format":"standard","meta":{"om_disable_all_campaigns":false,"_uf_show_specific_survey":0,"_uf_disable_surveys":false},"categories":[1],"tags":[],"aioseo_notices":[],"_links":{"self":[{"href":"https:\/\/elconspirador.com.mx\/index.php?rest_route=\/wp\/v2\/posts\/77362"}],"collection":[{"href":"https:\/\/elconspirador.com.mx\/index.php?rest_route=\/wp\/v2\/posts"}],"about":[{"href":"https:\/\/elconspirador.com.mx\/index.php?rest_route=\/wp\/v2\/types\/post"}],"author":[{"embeddable":true,"href":"https:\/\/elconspirador.com.mx\/index.php?rest_route=\/wp\/v2\/users\/1"}],"replies":[{"embeddable":true,"href":"https:\/\/elconspirador.com.mx\/index.php?rest_route=%2Fwp%2Fv2%2Fcomments&post=77362"}],"version-history":[{"count":1,"href":"https:\/\/elconspirador.com.mx\/index.php?rest_route=\/wp\/v2\/posts\/77362\/revisions"}],"predecessor-version":[{"id":77364,"href":"https:\/\/elconspirador.com.mx\/index.php?rest_route=\/wp\/v2\/posts\/77362\/revisions\/77364"}],"wp:featuredmedia":[{"embeddable":true,"href":"https:\/\/elconspirador.com.mx\/index.php?rest_route=\/wp\/v2\/media\/77363"}],"wp:attachment":[{"href":"https:\/\/elconspirador.com.mx\/index.php?rest_route=%2Fwp%2Fv2%2Fmedia&parent=77362"}],"wp:term":[{"taxonomy":"category","embeddable":true,"href":"https:\/\/elconspirador.com.mx\/index.php?rest_route=%2Fwp%2Fv2%2Fcategories&post=77362"},{"taxonomy":"post_tag","embeddable":true,"href":"https:\/\/elconspirador.com.mx\/index.php?rest_route=%2Fwp%2Fv2%2Ftags&post=77362"}],"curies":[{"name":"wp","href":"https:\/\/api.w.org\/{rel}","templated":true}]}}