{"id":77528,"date":"2026-04-24T19:40:06","date_gmt":"2026-04-25T01:40:06","guid":{"rendered":"https:\/\/elconspirador.com.mx\/?p=77528"},"modified":"2026-04-24T19:40:06","modified_gmt":"2026-04-25T01:40:06","slug":"graves-2-victimas-del-choque-en-la-muralla","status":"publish","type":"post","link":"https:\/\/elconspirador.com.mx\/?p=77528","title":{"rendered":"GRAVES 2 V\u00cdCTIMAS DEL CHOQUE EN LA MURALLA"},"content":{"rendered":"<p>El secretario de Gobierno, Eric Gudi\u00f1o Torres, inform\u00f3 que el gobierno estatal brindar\u00e1 apoyo legal a las personas afectadas por el accidente ocurrido el pasado mi\u00e9rcoles en la zona de La Muralla.<\/p>\n<p>Detall\u00f3 que se ofrecer\u00e1 asesor\u00eda jur\u00eddica tanto a las familias de las personas fallecidas como a quienes resultaron lesionados, con el objetivo de que reciban la atenci\u00f3n y compensaci\u00f3n correspondientes.<\/p>\n<p>\u201cEn los siguientes d\u00edas, por instrucci\u00f3n del gobernador, estaremos acompa\u00f1ando tambi\u00e9n, a trav\u00e9s de varias dependencias, en asesor\u00eda y atenci\u00f3n para que la empresa Amealcenses pueda atenderlos\u201d.<\/p>\n<p>El funcionario estatal explic\u00f3 que se busca que la empresa de transporte suburbano asuma su responsabilidad, incluyendo la indemnizaci\u00f3n a familiares de las v\u00edctimas y la cobertura de gastos m\u00e9dicos de los lesionados.<\/p>\n<p>Asimismo, inform\u00f3 que actualmente solo dos personas permanecen en estado de gravedad, luego de que uno de los pacientes reportados en c\u00f3digo rojo mostrara mejor\u00eda.<\/p>\n<p>\u201cEst\u00e1 en una situaci\u00f3n m\u00e1s estable. Siete pacientes tambi\u00e9n que a\u00fan siguen con estado de salud moderado; y en c\u00f3digo verde, que est\u00e1n un poquito mejor, que son leves, son cuatro. En total tenemos nueve pacientes, de los cuales cinco son hombres y cuatro mujeres\u201d.<\/p>\n<p>Finalmente, agreg\u00f3 que la Secretar\u00eda de Salud ha dado de alta a 13 pacientes en las \u00faltimas horas y se espera que el resto contin\u00fae evolucionando favorablemente en los pr\u00f3ximos d\u00edas.<\/p>\n","protected":false},"excerpt":{"rendered":"<p>El secretario de Gobierno, Eric Gudi\u00f1o Torres, inform\u00f3 que el gobierno estatal brindar\u00e1 apoyo legal a las personas afectadas por el accidente ocurrido el pasado mi\u00e9rcoles en la zona de La Muralla. Detall\u00f3 que se ofrecer\u00e1 asesor\u00eda jur\u00eddica tanto a las familias de las personas fallecidas como a quienes resultaron lesionados, con el objetivo de que reciban la atenci\u00f3n y<\/p>\n<div class=\"h10\"><\/div>\n<p><a class=\"more-link2 flat\" href=\"https:\/\/elconspirador.com.mx\/?p=77528\">Leer m\u00e1s<\/a><\/p>\n","protected":false},"author":1,"featured_media":77529,"comment_status":"open","ping_status":"open","sticky":false,"template":"","format":"standard","meta":{"om_disable_all_campaigns":false,"_uf_show_specific_survey":0,"_uf_disable_surveys":false},"categories":[1],"tags":[],"aioseo_notices":[],"_links":{"self":[{"href":"https:\/\/elconspirador.com.mx\/index.php?rest_route=\/wp\/v2\/posts\/77528"}],"collection":[{"href":"https:\/\/elconspirador.com.mx\/index.php?rest_route=\/wp\/v2\/posts"}],"about":[{"href":"https:\/\/elconspirador.com.mx\/index.php?rest_route=\/wp\/v2\/types\/post"}],"author":[{"embeddable":true,"href":"https:\/\/elconspirador.com.mx\/index.php?rest_route=\/wp\/v2\/users\/1"}],"replies":[{"embeddable":true,"href":"https:\/\/elconspirador.com.mx\/index.php?rest_route=%2Fwp%2Fv2%2Fcomments&post=77528"}],"version-history":[{"count":2,"href":"https:\/\/elconspirador.com.mx\/index.php?rest_route=\/wp\/v2\/posts\/77528\/revisions"}],"predecessor-version":[{"id":77532,"href":"https:\/\/elconspirador.com.mx\/index.php?rest_route=\/wp\/v2\/posts\/77528\/revisions\/77532"}],"wp:featuredmedia":[{"embeddable":true,"href":"https:\/\/elconspirador.com.mx\/index.php?rest_route=\/wp\/v2\/media\/77529"}],"wp:attachment":[{"href":"https:\/\/elconspirador.com.mx\/index.php?rest_route=%2Fwp%2Fv2%2Fmedia&parent=77528"}],"wp:term":[{"taxonomy":"category","embeddable":true,"href":"https:\/\/elconspirador.com.mx\/index.php?rest_route=%2Fwp%2Fv2%2Fcategories&post=77528"},{"taxonomy":"post_tag","embeddable":true,"href":"https:\/\/elconspirador.com.mx\/index.php?rest_route=%2Fwp%2Fv2%2Ftags&post=77528"}],"curies":[{"name":"wp","href":"https:\/\/api.w.org\/{rel}","templated":true}]}}