{"id":77533,"date":"2026-04-25T16:05:57","date_gmt":"2026-04-25T22:05:57","guid":{"rendered":"https:\/\/elconspirador.com.mx\/?p=77533"},"modified":"2026-04-25T16:05:57","modified_gmt":"2026-04-25T22:05:57","slug":"aumenta-a-10-los-fallecidos-en-accidente-de-la-muralla","status":"publish","type":"post","link":"https:\/\/elconspirador.com.mx\/?p=77533","title":{"rendered":"AUMENTA A 10 LOS FALLECIDOS EN ACCIDENTE DE \u201cLA MURALLA\u201d"},"content":{"rendered":"<p>El secretario de Gobierno, Eric Gudi\u00f1o Torres, confirm\u00f3 la tarde de este viernes el fallecimiento de una persona m\u00e1s a consecuencia del accidente registrado el pasado mi\u00e9rcoles en la zona de La Muralla.<\/p>\n<p>Con esta nueva v\u00edctima, la cifra de personas que perdieron la vida se elev\u00f3 a 10, mientras que contin\u00faan las labores de atenci\u00f3n a los lesionados.<\/p>\n<p>\u201cCon profundo dolor informamos que falleci\u00f3 en el Hospital General de Quer\u00e9taro una persona del sexo femenino, que tambi\u00e9n estaba en situaci\u00f3n grave\u201d.<\/p>\n<p>El funcionario estatal record\u00f3 que, apenas el jueves por la ma\u00f1ana, se ten\u00edan tres personas reportadas en estado grave; sin embargo, una de ellas present\u00f3 mejor\u00eda horas m\u00e1s tarde, por lo que actualmente solo una permanece en c\u00f3digo rojo.<\/p>\n<p>Asimismo, destac\u00f3 que el gobierno estatal mantiene el acompa\u00f1amiento a las v\u00edctimas y sus familias, tanto en atenci\u00f3n m\u00e9dica como en el proceso tras la p\u00e9rdida de sus seres queridos.<\/p>\n<p>\u201cEl gobernador nos instruy\u00f3 para seguir brindando atenci\u00f3n a los pacientes, as\u00ed como acompa\u00f1amiento por su p\u00e9rdida. A nombre del gobierno del estado, nuestras m\u00e1s sinceras condolencias, nuestra solidaridad\u201d.<\/p>\n","protected":false},"excerpt":{"rendered":"<p>El secretario de Gobierno, Eric Gudi\u00f1o Torres, confirm\u00f3 la tarde de este viernes el fallecimiento de una persona m\u00e1s a consecuencia del accidente registrado el pasado mi\u00e9rcoles en la zona de La Muralla. Con esta nueva v\u00edctima, la cifra de personas que perdieron la vida se elev\u00f3 a 10, mientras que contin\u00faan las labores de atenci\u00f3n a los lesionados. \u201cCon<\/p>\n<div class=\"h10\"><\/div>\n<p><a class=\"more-link2 flat\" href=\"https:\/\/elconspirador.com.mx\/?p=77533\">Leer m\u00e1s<\/a><\/p>\n","protected":false},"author":1,"featured_media":77534,"comment_status":"open","ping_status":"open","sticky":false,"template":"","format":"standard","meta":{"om_disable_all_campaigns":false,"_uf_show_specific_survey":0,"_uf_disable_surveys":false},"categories":[1],"tags":[],"aioseo_notices":[],"_links":{"self":[{"href":"https:\/\/elconspirador.com.mx\/index.php?rest_route=\/wp\/v2\/posts\/77533"}],"collection":[{"href":"https:\/\/elconspirador.com.mx\/index.php?rest_route=\/wp\/v2\/posts"}],"about":[{"href":"https:\/\/elconspirador.com.mx\/index.php?rest_route=\/wp\/v2\/types\/post"}],"author":[{"embeddable":true,"href":"https:\/\/elconspirador.com.mx\/index.php?rest_route=\/wp\/v2\/users\/1"}],"replies":[{"embeddable":true,"href":"https:\/\/elconspirador.com.mx\/index.php?rest_route=%2Fwp%2Fv2%2Fcomments&post=77533"}],"version-history":[{"count":1,"href":"https:\/\/elconspirador.com.mx\/index.php?rest_route=\/wp\/v2\/posts\/77533\/revisions"}],"predecessor-version":[{"id":77535,"href":"https:\/\/elconspirador.com.mx\/index.php?rest_route=\/wp\/v2\/posts\/77533\/revisions\/77535"}],"wp:featuredmedia":[{"embeddable":true,"href":"https:\/\/elconspirador.com.mx\/index.php?rest_route=\/wp\/v2\/media\/77534"}],"wp:attachment":[{"href":"https:\/\/elconspirador.com.mx\/index.php?rest_route=%2Fwp%2Fv2%2Fmedia&parent=77533"}],"wp:term":[{"taxonomy":"category","embeddable":true,"href":"https:\/\/elconspirador.com.mx\/index.php?rest_route=%2Fwp%2Fv2%2Fcategories&post=77533"},{"taxonomy":"post_tag","embeddable":true,"href":"https:\/\/elconspirador.com.mx\/index.php?rest_route=%2Fwp%2Fv2%2Ftags&post=77533"}],"curies":[{"name":"wp","href":"https:\/\/api.w.org\/{rel}","templated":true}]}}