{"id":77539,"date":"2026-04-25T10:20:36","date_gmt":"2026-04-25T16:20:36","guid":{"rendered":"https:\/\/elconspirador.com.mx\/?p=77539"},"modified":"2026-04-25T10:20:36","modified_gmt":"2026-04-25T16:20:36","slug":"detienen-a-sujeto-por-violencia-familiar-5","status":"publish","type":"post","link":"https:\/\/elconspirador.com.mx\/?p=77539","title":{"rendered":"DETIENEN A SUJETO POR VIOLENCIA FAMILIAR"},"content":{"rendered":"<p>Polic\u00edas Estatales efectuaban el Operativo Calle Segura en el Fraccionamiento Residencial del Parque, El Marqu\u00e9s, cuando realizaron una intervenci\u00f3n preventiva con un sujeto que trat\u00f3 de huir al percatarse de la presencia de las unidades.<\/p>\n<p>Luego de consultar los datos de la persona en el Sistema Plataforma M\u00e9xico, arroj\u00f3 que contaba con una orden de aprehensi\u00f3n vigente por violencia familiar.<\/p>\n<p>El presunto responsable fue informado de sus derechos como detenido, se puso a disposici\u00f3n de la Fiscal\u00eda para definir su situaci\u00f3n jur\u00eddica y dar seguimiento a la carpeta de investigaci\u00f3n iniciada.<\/p>\n","protected":false},"excerpt":{"rendered":"<p>Polic\u00edas Estatales efectuaban el Operativo Calle Segura en el Fraccionamiento Residencial del Parque, El Marqu\u00e9s, cuando realizaron una intervenci\u00f3n preventiva con un sujeto que trat\u00f3 de huir al percatarse de la presencia de las unidades. Luego de consultar los datos de la persona en el Sistema Plataforma M\u00e9xico, arroj\u00f3 que contaba con una orden de aprehensi\u00f3n vigente por violencia familiar.<\/p>\n<div class=\"h10\"><\/div>\n<p><a class=\"more-link2 flat\" href=\"https:\/\/elconspirador.com.mx\/?p=77539\">Leer m\u00e1s<\/a><\/p>\n","protected":false},"author":1,"featured_media":77540,"comment_status":"open","ping_status":"open","sticky":false,"template":"","format":"standard","meta":{"om_disable_all_campaigns":false,"_uf_show_specific_survey":0,"_uf_disable_surveys":false},"categories":[1],"tags":[],"aioseo_notices":[],"_links":{"self":[{"href":"https:\/\/elconspirador.com.mx\/index.php?rest_route=\/wp\/v2\/posts\/77539"}],"collection":[{"href":"https:\/\/elconspirador.com.mx\/index.php?rest_route=\/wp\/v2\/posts"}],"about":[{"href":"https:\/\/elconspirador.com.mx\/index.php?rest_route=\/wp\/v2\/types\/post"}],"author":[{"embeddable":true,"href":"https:\/\/elconspirador.com.mx\/index.php?rest_route=\/wp\/v2\/users\/1"}],"replies":[{"embeddable":true,"href":"https:\/\/elconspirador.com.mx\/index.php?rest_route=%2Fwp%2Fv2%2Fcomments&post=77539"}],"version-history":[{"count":1,"href":"https:\/\/elconspirador.com.mx\/index.php?rest_route=\/wp\/v2\/posts\/77539\/revisions"}],"predecessor-version":[{"id":77541,"href":"https:\/\/elconspirador.com.mx\/index.php?rest_route=\/wp\/v2\/posts\/77539\/revisions\/77541"}],"wp:featuredmedia":[{"embeddable":true,"href":"https:\/\/elconspirador.com.mx\/index.php?rest_route=\/wp\/v2\/media\/77540"}],"wp:attachment":[{"href":"https:\/\/elconspirador.com.mx\/index.php?rest_route=%2Fwp%2Fv2%2Fmedia&parent=77539"}],"wp:term":[{"taxonomy":"category","embeddable":true,"href":"https:\/\/elconspirador.com.mx\/index.php?rest_route=%2Fwp%2Fv2%2Fcategories&post=77539"},{"taxonomy":"post_tag","embeddable":true,"href":"https:\/\/elconspirador.com.mx\/index.php?rest_route=%2Fwp%2Fv2%2Ftags&post=77539"}],"curies":[{"name":"wp","href":"https:\/\/api.w.org\/{rel}","templated":true}]}}