{"id":77549,"date":"2026-04-25T20:47:18","date_gmt":"2026-04-26T02:47:18","guid":{"rendered":"https:\/\/elconspirador.com.mx\/?p=77549"},"modified":"2026-04-25T20:47:18","modified_gmt":"2026-04-26T02:47:18","slug":"inauguran-centro-ammper-en-huimilpan","status":"publish","type":"post","link":"https:\/\/elconspirador.com.mx\/?p=77549","title":{"rendered":"INAUGURAN CENTRO AMMPER EN HUIMILPAN"},"content":{"rendered":"<p class=\"s8\"><span class=\"s9\"><span class=\"bumpedFont15\">Hoy Quer\u00e9taro confirma por qu\u00e9 es uno de los mejores lugares para invertir en M\u00e9xico, afirm\u00f3 el gobernador, Mauricio Kuri Gonz\u00e1lez, al encabezar la inauguraci\u00f3n del Centro de Excelencia Operativa AMMPER, instalaciones que surgen como un referente mexicano a nivel internacional en ingenier\u00eda y operaci\u00f3n el\u00e9ctrica, acelerando la transici\u00f3n energ\u00e9tica en M\u00e9xico y el mundo.<\/span><\/span><\/p>\n<p class=\"s8\"><span class=\"s9\">\u00a0<\/span><\/p>\n<p class=\"s8\"><span class=\"s9\"><span class=\"bumpedFont15\">Desde el municipio de Huimilpan, sede de las nuevas instalaciones, el mandatario estatal destac\u00f3 que la llegada de esta inversi\u00f3n por m\u00e1s de 86 millones de pesos, y la generaci\u00f3n de mil 400 empleos directos e indirectos son una se\u00f1al de la confianza en nuestro estado y su gente, donde se trabaja d\u00eda con d\u00eda para tener la certeza jur\u00eddica y la apuesta por sectores estrat\u00e9gicos.<\/span><\/span><\/p>\n<p class=\"s8\"><span class=\"s9\">\u00a0<\/span><\/p>\n<p class=\"s8\"><span class=\"s9\"><span class=\"bumpedFont15\">\u201cGracias<\/span><\/span><span class=\"s9\"><span class=\"bumpedFont15\"> a<\/span><\/span><span class=\"s9\"><span class=\"bumpedFont15\"> esta gran empresa, gracias a David por confiar, por traerse a los empresarios, por decirles v\u00e9nganse a Quer\u00e9taro, no te vas a arrepentir, sigue apostando a Quer\u00e9taro (&#8230;) Para que no pierdas lana, v\u00e9nganse a Quer\u00e9taro, aqu\u00ed las reglas est\u00e1n claras, aqu\u00ed no vendemos mano de obra barata, vendemos la mejor mano de obra del pa\u00eds\u201d, sostuvo.<\/span><\/span><\/p>\n<p class=\"s8\"><span class=\"s9\">\u00a0<\/span><\/p>\n<p class=\"s8\"><span class=\"s9\"><span class=\"bumpedFont15\">Ponder\u00f3 que este Centro de Excelencia, con tecnolog\u00eda de punta, coloca a la entidad en el mapa global de la inovaci\u00f3n energ\u00e9tica, al fortalecer la infraestructura, conectar con el mundo, y preparar para m\u00e1s demanda, pero tambi\u00e9n m\u00e1s desarrollo y oportunidades<\/span><\/span><span class=\"s9\"><span class=\"bumpedFont15\">;<\/span><\/span><span class=\"s9\"><span class=\"bumpedFont15\"> agradeci\u00f3 que inversores mexicanos, como el caso de AMMPER, conf\u00eden en Quer\u00e9taro con una visi\u00f3n <\/span><\/span><a name=\"_GoBack\"><\/a><span class=\"s9\"><span class=\"bumpedFont15\">moderna, responsable<\/span><\/span><span class=\"s9\"><span class=\"bumpedFont15\"> y comprometida con el desarrollo sostenible.<\/span><\/span><\/p>\n<p class=\"s8\"><span class=\"s9\">\u00a0<\/span><\/p>\n<p class=\"s8\"><span class=\"s9\"><span class=\"bumpedFont15\">Al hacer uso de la palabra el director General de INVEX Controladora, Juan Bautista Guichard Cortina, sostuvo que este proyecto llega con el esp\u00edritu de construir infraestructura energ\u00e9tica que Quer\u00e9taro necesita para liderar el siglo XXI, y se da en el marco del d\u00e9cimo aniversario de la constituci\u00f3n de A<\/span><\/span><span class=\"s9\"><span class=\"bumpedFont15\">M<\/span><\/span><span class=\"s9\"><span class=\"bumpedFont15\">MPER Energ\u00eda, creada con el prop\u00f3sito de acelerar la transici\u00f3n energ\u00e9tica para un mundo m\u00e1s sustentable, y con presencia en<\/span><\/span><span class=\"s9\"><span class=\"bumpedFont15\"> la entidad<\/span><\/span><span class=\"s9\"><span class=\"bumpedFont15\"> desde 2022.<\/span><\/span><\/p>\n<p class=\"s8\"><span class=\"s9\">\u00a0<\/span><\/p>\n<p class=\"s8\"><span class=\"s9\"><span class=\"bumpedFont15\">Record\u00f3 que AMMPER es filial de INVEX Controladora, una empresa p\u00fablica mexicana con presencia nacional e internacional en Estados Unidos y Europa, y que hoy est\u00e1 en el proceso de sus primeros proyectos de generaci\u00f3n el\u00e9ctrica en Quer\u00e9taro, que en conjunto representan una inversi\u00f3n de m\u00e1s de 500 millones de d\u00f3lares en el estado, y que han detonado m\u00e1s de tres mil millones de d\u00f3lares en inversiones anunciadas.<\/span><\/span><\/p>\n<p class=\"s8\"><span class=\"s9\">\u00a0<\/span><\/p>\n<p class=\"s8\"><span class=\"s9\"><span class=\"bumpedFont15\">\u201c<\/span><\/span><span class=\"s9\"><span class=\"bumpedFont15\">Gobernador, usted entendi\u00f3 algo que muchos<\/span><\/span><span class=\"s9\"><span class=\"bumpedFont15\"> tardaron en <\/span><\/span><span class=\"s9\"><span class=\"bumpedFont15\">ver, que la energ\u00eda no es un insumo m\u00e1s. Es la columna vertebral del desarrollo econ\u00f3mico y social. Sin capacidad el\u00e9ctrica confiable, no hay centros de datos, no hay industria aeroespacial, no hay manufactura avanzada\u201d, destac\u00f3.<\/span><\/span><\/p>\n<p class=\"s8\"><span class=\"s9\">\u00a0<\/span><\/p>\n<p class=\"s8\"><span class=\"s9\"><span class=\"bumpedFont15\">El Director General de INVEX Controladora detall\u00f3 que, previo a esta inauguraci\u00f3n, ya hab\u00edan consolidado proyectos para parques industriales, los cuales han sido una respuesta a las necesidades del estado, y una ventaja competitiva m\u00e1s para atraer empresas de clase mundial.<\/span><\/span><\/p>\n<p class=\"s8\"><span class=\"s9\">\u00a0<\/span><\/p>\n<p class=\"s8\"><span class=\"s9\"><span class=\"bumpedFont15\">Precis\u00f3 que la estrategia de inversi\u00f3n para Quer\u00e9taro se ha visto reflejada en la construcci\u00f3n de casi mil megavatios de capacidad de transformaci\u00f3n, y para el primer trimestre de 2028 se estima superar los mil 500 megavat<\/span><\/span><span class=\"s9\"><span class=\"bumpedFont15\">i<\/span><\/span><span class=\"s9\"><span class=\"bumpedFont15\">os, para consolidarles despu\u00e9s de la CFE, como la empresa mexicana que m\u00e1s invierte en infraestructura el\u00e9ctrica en Quer\u00e9taro.<\/span><\/span><\/p>\n<p class=\"s8\"><span class=\"s9\">\u00a0<\/span><\/p>\n<p class=\"s8\"><span class=\"s9\"><span class=\"bumpedFont15\">\u201cLos megavatios de capaci<\/span><\/span><span class=\"s9\"><span class=\"bumpedFont15\">dad el\u00e9ctrica adicional que su g<\/span><\/span><span class=\"s9\"><span class=\"bumpedFont15\">obierno est\u00e1 coordinando con la CFE, y el importante incremento en inversi\u00f3n federal en infraestructura de transmisi\u00f3n para Quer\u00e9taro en 2026, son el contexto en el que AMMPER seguir\u00e1 construyendo. Somos socios de esa visi\u00f3n, no simplemente beneficiarios\u201d, concluy\u00f3.<\/span><\/span><\/p>\n<p class=\"s8\"><span class=\"s9\">\u00a0<\/span><\/p>\n<p class=\"s8\"><span class=\"s9\"><span class=\"bumpedFont15\">Durante su mensaje el presidente municipal de Huimilpan, Jairo Morales expres\u00f3 el agradecimiento hacia los empresarios que depositaron su confianza para llegar con este proyecto a la demarcaci\u00f3n, pues dijo, representa la apertura a las puertas del futuro de la energ\u00eda. A su vez, el edil r<\/span><\/span><span class=\"s9\"><span class=\"bumpedFont15\">esalt\u00f3 que este acto confirma<\/span><\/span><span class=\"s9\"><span class=\"bumpedFont15\"> que en la demarcaci\u00f3n el desarrollo se construye con orden, con legalidad y con responsabilidad institucional.<\/span><\/span><\/p>\n<p class=\"s8\"><span class=\"s9\">\u00a0<\/span><\/p>\n<p class=\"s8\"><span class=\"s9\"><span class=\"bumpedFont15\">Agreg\u00f3 que mediante esta inversi\u00f3n no s\u00f3lo se construy\u00f3 infraestructura, pues aqu\u00ed, dijo, se est\u00e1n generando oportunidades, empleos, crecimiento econ\u00f3mico y nuevas posibilidades para nuestras familias; abund\u00f3 que esto se alinea con la apuesta por el desarrollo y el crecimiento que se tiene en la entidad, para llevar a Quer\u00e9taro al siguiente nivel. <\/span><\/span><\/p>\n<p class=\"s8\"><span class=\"s9\">\u00a0<\/span><\/p>\n<p class=\"s8\"><span class=\"s9\"><span class=\"bumpedFont15\">\u201cAMMPER se ha consolidado como el proveedor privado l\u00edder de energ\u00eda renovable en M\u00e9xico. Que hayan elegido nuestro suelo para optimizar los sistemas el\u00e9ctricos de las industrias del pa\u00eds nos llena de orgullo y de compromiso. La llegada de nuevas empresas como esta marca un punto de inflexi\u00f3n, nos proyecta como un municipio con capacidad para integrarse a sectores estrat\u00e9gicos como el energ\u00e9tico, el industrial y el tecnol\u00f3gico\u201d, comparti\u00f3<\/span><\/span><\/p>\n<p class=\"s8\"><span class=\"s9\">\u00a0<\/span><\/p>\n<p class=\"s8\"><span class=\"s9\"><span class=\"bumpedFont15\">Jairo Morales afirm\u00f3 que su administraci\u00f3n tiene claro que el desarrollo debe ser ordenado, sustentable y con visi\u00f3n de largo plazo, \u00a0y este proyecto es muestra de que s\u00ed es posible crecer con rumbo, y enviar un mensaje claro de que Huimilpan ofrece condiciones ideales para inversiones de largo plazo al contar con estabilidad territorial, sustentabilidad y un crecimiento ordenado.<\/span><\/span><\/p>\n","protected":false},"excerpt":{"rendered":"<p>Hoy Quer\u00e9taro confirma por qu\u00e9 es uno de los mejores lugares para invertir en M\u00e9xico, afirm\u00f3 el gobernador, Mauricio Kuri Gonz\u00e1lez, al encabezar la inauguraci\u00f3n del Centro de Excelencia Operativa AMMPER, instalaciones que surgen como un referente mexicano a nivel internacional en ingenier\u00eda y operaci\u00f3n el\u00e9ctrica, acelerando la transici\u00f3n energ\u00e9tica en M\u00e9xico y el mundo. \u00a0 Desde el municipio de<\/p>\n<div class=\"h10\"><\/div>\n<p><a class=\"more-link2 flat\" href=\"https:\/\/elconspirador.com.mx\/?p=77549\">Leer m\u00e1s<\/a><\/p>\n","protected":false},"author":1,"featured_media":77550,"comment_status":"open","ping_status":"open","sticky":false,"template":"","format":"standard","meta":{"om_disable_all_campaigns":false,"_uf_show_specific_survey":0,"_uf_disable_surveys":false},"categories":[1],"tags":[],"aioseo_notices":[],"_links":{"self":[{"href":"https:\/\/elconspirador.com.mx\/index.php?rest_route=\/wp\/v2\/posts\/77549"}],"collection":[{"href":"https:\/\/elconspirador.com.mx\/index.php?rest_route=\/wp\/v2\/posts"}],"about":[{"href":"https:\/\/elconspirador.com.mx\/index.php?rest_route=\/wp\/v2\/types\/post"}],"author":[{"embeddable":true,"href":"https:\/\/elconspirador.com.mx\/index.php?rest_route=\/wp\/v2\/users\/1"}],"replies":[{"embeddable":true,"href":"https:\/\/elconspirador.com.mx\/index.php?rest_route=%2Fwp%2Fv2%2Fcomments&post=77549"}],"version-history":[{"count":1,"href":"https:\/\/elconspirador.com.mx\/index.php?rest_route=\/wp\/v2\/posts\/77549\/revisions"}],"predecessor-version":[{"id":77551,"href":"https:\/\/elconspirador.com.mx\/index.php?rest_route=\/wp\/v2\/posts\/77549\/revisions\/77551"}],"wp:featuredmedia":[{"embeddable":true,"href":"https:\/\/elconspirador.com.mx\/index.php?rest_route=\/wp\/v2\/media\/77550"}],"wp:attachment":[{"href":"https:\/\/elconspirador.com.mx\/index.php?rest_route=%2Fwp%2Fv2%2Fmedia&parent=77549"}],"wp:term":[{"taxonomy":"category","embeddable":true,"href":"https:\/\/elconspirador.com.mx\/index.php?rest_route=%2Fwp%2Fv2%2Fcategories&post=77549"},{"taxonomy":"post_tag","embeddable":true,"href":"https:\/\/elconspirador.com.mx\/index.php?rest_route=%2Fwp%2Fv2%2Ftags&post=77549"}],"curies":[{"name":"wp","href":"https:\/\/api.w.org\/{rel}","templated":true}]}}