{"id":77552,"date":"2026-04-26T08:16:42","date_gmt":"2026-04-26T14:16:42","guid":{"rendered":"https:\/\/elconspirador.com.mx\/?p=77552"},"modified":"2026-04-26T08:16:42","modified_gmt":"2026-04-26T14:16:42","slug":"se-cumplen-300-anos-de-los-arcos","status":"publish","type":"post","link":"https:\/\/elconspirador.com.mx\/?p=77552","title":{"rendered":"SE CUMPLEN 300 A\u00d1OS DE LOS ARCOS"},"content":{"rendered":"<p>El presidente municipal de Quer\u00e9taro, Felifer Mac\u00edas, asisti\u00f3 al evento con motivo del Aniversario 300 del Inicio de la Construcci\u00f3n del Acueducto, en donde m\u00e1s de 20 mil asistentes en el monumento y zonas aleda\u00f1as disfrutaron de los espect\u00e1culos musicales y culturales encabezados por el talento local.<\/p>\n<p>\u201cVivimos el d\u00eda de hoy una noche espectacular, una noche que seguramente vamos a recordar por much\u00edsimos a\u00f1os. Trescientos a\u00f1os de historia, trescientos a\u00f1os de una enorme tradici\u00f3n, de un enorme legado que son nuestros arcos. El m\u00e1ximo s\u00edmbolo de la ciudad de Quer\u00e9taro, sin duda, va ser una noche inolvidable para miles de personas. Fue much\u00edsima alegr\u00eda ver a miles de personas disfrutando la calzada de los Arcos, ver familias enteras disfrutando esta gran, gran noche. Creo que va ser una noche recordada por muchos a\u00f1os\u201d, coment\u00f3.<\/p>\n<p>En un ambiente de fiesta y de gran orgullo, Felifer Mac\u00edas destac\u00f3 que este evento rinde homenaje a la historia de Quer\u00e9taro, al reconocer el valor de un monumento emblem\u00e1tico como el Acueducto que, desde su construcci\u00f3n en 1726 y hasta la actualidad, se ha consolidado como un s\u00edmbolo distintivo tanto de la ciudad como de todo el estado.<\/p>\n<p>El presidente municipal destac\u00f3 que la celebraci\u00f3n reuni\u00f3 a miles de familias en una noche que quedar\u00e1 en la memoria de la ciudad, al reconocer tres siglos de historia y el valor de uno de sus principales s\u00edmbolos, en un ambiente de orgullo, convivencia y diversidad cultural.<\/p>\n<p>El alcalde realiz\u00f3 un recorrido a trav\u00e9s de los cinco escenarios instalados por toda la Calzada de los Arcos como: Folklor y Tradiciones, Dj\u2019s, Quer\u00e9taro Tierra de Compositores y Cantantes, Del Rock al Danz\u00f3n y finalmente, en el escenario principal, donde presenci\u00f3 junto con las y los queretanos el espect\u00e1culo de luces, sonido y drones, en el cual se lograron apreciar diferentes figuras en el momento cumbre de la velada.<\/p>\n<p>Felifer Mac\u00edas destac\u00f3 que esta fecha representa una oportunidad ideal para celebrar y enorgullecerse de contar con una obra arquitect\u00f3nica e hist\u00f3rica como esta, la cual, adem\u00e1s es una carta de presentaci\u00f3n del municipio de Quer\u00e9taro ante el mundo y convierte a las y los queretanos como parte viva del legado de los Arcos de Quer\u00e9taro.<\/p>\n<p>Cabe recordar que esta obra, conocida como el Acueducto de Los Arcos, represent\u00f3 en su \u00e9poca la infraestructura hidr\u00e1ulica m\u00e1s importante de la Nueva Espa\u00f1a. Su construcci\u00f3n estuvo a cargo del benefactor de la ciudad, Don Juan Antonio de Urrutia y Arana, Marqu\u00e9s de la Villa del Villar del \u00c1guila, y permiti\u00f3 el desarrollo y la prosperidad de Quer\u00e9taro, al consolidarla como una de las ciudades m\u00e1s relevantes del pa\u00eds.<\/p>\n","protected":false},"excerpt":{"rendered":"<p>El presidente municipal de Quer\u00e9taro, Felifer Mac\u00edas, asisti\u00f3 al evento con motivo del Aniversario 300 del Inicio de la Construcci\u00f3n del Acueducto, en donde m\u00e1s de 20 mil asistentes en el monumento y zonas aleda\u00f1as disfrutaron de los espect\u00e1culos musicales y culturales encabezados por el talento local. \u201cVivimos el d\u00eda de hoy una noche espectacular, una noche que seguramente vamos<\/p>\n<div class=\"h10\"><\/div>\n<p><a class=\"more-link2 flat\" href=\"https:\/\/elconspirador.com.mx\/?p=77552\">Leer m\u00e1s<\/a><\/p>\n","protected":false},"author":1,"featured_media":77553,"comment_status":"open","ping_status":"open","sticky":false,"template":"","format":"standard","meta":{"om_disable_all_campaigns":false,"_uf_show_specific_survey":0,"_uf_disable_surveys":false},"categories":[1],"tags":[],"aioseo_notices":[],"_links":{"self":[{"href":"https:\/\/elconspirador.com.mx\/index.php?rest_route=\/wp\/v2\/posts\/77552"}],"collection":[{"href":"https:\/\/elconspirador.com.mx\/index.php?rest_route=\/wp\/v2\/posts"}],"about":[{"href":"https:\/\/elconspirador.com.mx\/index.php?rest_route=\/wp\/v2\/types\/post"}],"author":[{"embeddable":true,"href":"https:\/\/elconspirador.com.mx\/index.php?rest_route=\/wp\/v2\/users\/1"}],"replies":[{"embeddable":true,"href":"https:\/\/elconspirador.com.mx\/index.php?rest_route=%2Fwp%2Fv2%2Fcomments&post=77552"}],"version-history":[{"count":1,"href":"https:\/\/elconspirador.com.mx\/index.php?rest_route=\/wp\/v2\/posts\/77552\/revisions"}],"predecessor-version":[{"id":77554,"href":"https:\/\/elconspirador.com.mx\/index.php?rest_route=\/wp\/v2\/posts\/77552\/revisions\/77554"}],"wp:featuredmedia":[{"embeddable":true,"href":"https:\/\/elconspirador.com.mx\/index.php?rest_route=\/wp\/v2\/media\/77553"}],"wp:attachment":[{"href":"https:\/\/elconspirador.com.mx\/index.php?rest_route=%2Fwp%2Fv2%2Fmedia&parent=77552"}],"wp:term":[{"taxonomy":"category","embeddable":true,"href":"https:\/\/elconspirador.com.mx\/index.php?rest_route=%2Fwp%2Fv2%2Fcategories&post=77552"},{"taxonomy":"post_tag","embeddable":true,"href":"https:\/\/elconspirador.com.mx\/index.php?rest_route=%2Fwp%2Fv2%2Ftags&post=77552"}],"curies":[{"name":"wp","href":"https:\/\/api.w.org\/{rel}","templated":true}]}}