{"id":77561,"date":"2026-04-26T16:10:26","date_gmt":"2026-04-26T22:10:26","guid":{"rendered":"https:\/\/elconspirador.com.mx\/?p=77561"},"modified":"2026-04-26T16:10:26","modified_gmt":"2026-04-26T22:10:26","slug":"felifer-fortalece-la-universidad-de-las-mujeres","status":"publish","type":"post","link":"https:\/\/elconspirador.com.mx\/?p=77561","title":{"rendered":"FELIFER FORTALECE LA UNIVERSIDAD DE LAS MUJERES"},"content":{"rendered":"<p>Como parte de las estrategias para que las mujeres retomen o contin\u00faen su formaci\u00f3n acad\u00e9mica, el presidente municipal, Felifer Mac\u00edas, fortalece la Universidad de las Mujeres con el objetivo de impulsar el acceso a la justicia a trav\u00e9s de la educaci\u00f3n y mejorar la calidad de vida de las queretanas.<\/p>\n<p>La Universidad de las Mujeres representa una herramienta para el crecimiento personal, al permitir que m\u00e1s mujeres concluyan sus estudios y participen de manera activa y equitativa en la vida social y econ\u00f3mica del municipio.<\/p>\n<p>Esta instituci\u00f3n ha brindado oportunidades a mujeres que hab\u00edan pospuesto su preparaci\u00f3n por falta de tiempo o recursos. Hoy cumple su objetivo como un espacio de desarrollo para quienes buscan superarse, lo que se refleja en el n\u00famero de egresadas durante la actual administraci\u00f3n.<\/p>\n<p>En la administraci\u00f3n que encabeza Felifer Mac\u00edas, 339 mujeres han alcanzado la meta de graduarse tras concluir el bachillerato, una licenciatura o una maestr\u00eda, lo que refleja el avance en el acceso a oportunidades educativas y el impulso a su desarrollo personal y profesional a trav\u00e9s de la Universidad de las Mujeres.<\/p>\n<p>Las mujeres interesadas en retomar o concluir sus estudios de nivel superior pueden consultar la informaci\u00f3n sobre admisi\u00f3n, proceso de solicitud y oferta acad\u00e9mica en el sitio web del Municipio de Quer\u00e9taro: https:\/\/municipiodequeretaro.gob.mx\/universidad-de-las-mujeres\/<\/p>\n","protected":false},"excerpt":{"rendered":"<p>Como parte de las estrategias para que las mujeres retomen o contin\u00faen su formaci\u00f3n acad\u00e9mica, el presidente municipal, Felifer Mac\u00edas, fortalece la Universidad de las Mujeres con el objetivo de impulsar el acceso a la justicia a trav\u00e9s de la educaci\u00f3n y mejorar la calidad de vida de las queretanas. La Universidad de las Mujeres representa una herramienta para el<\/p>\n<div class=\"h10\"><\/div>\n<p><a class=\"more-link2 flat\" href=\"https:\/\/elconspirador.com.mx\/?p=77561\">Leer m\u00e1s<\/a><\/p>\n","protected":false},"author":1,"featured_media":77562,"comment_status":"open","ping_status":"open","sticky":false,"template":"","format":"standard","meta":{"om_disable_all_campaigns":false,"_uf_show_specific_survey":0,"_uf_disable_surveys":false},"categories":[1],"tags":[],"aioseo_notices":[],"_links":{"self":[{"href":"https:\/\/elconspirador.com.mx\/index.php?rest_route=\/wp\/v2\/posts\/77561"}],"collection":[{"href":"https:\/\/elconspirador.com.mx\/index.php?rest_route=\/wp\/v2\/posts"}],"about":[{"href":"https:\/\/elconspirador.com.mx\/index.php?rest_route=\/wp\/v2\/types\/post"}],"author":[{"embeddable":true,"href":"https:\/\/elconspirador.com.mx\/index.php?rest_route=\/wp\/v2\/users\/1"}],"replies":[{"embeddable":true,"href":"https:\/\/elconspirador.com.mx\/index.php?rest_route=%2Fwp%2Fv2%2Fcomments&post=77561"}],"version-history":[{"count":1,"href":"https:\/\/elconspirador.com.mx\/index.php?rest_route=\/wp\/v2\/posts\/77561\/revisions"}],"predecessor-version":[{"id":77563,"href":"https:\/\/elconspirador.com.mx\/index.php?rest_route=\/wp\/v2\/posts\/77561\/revisions\/77563"}],"wp:featuredmedia":[{"embeddable":true,"href":"https:\/\/elconspirador.com.mx\/index.php?rest_route=\/wp\/v2\/media\/77562"}],"wp:attachment":[{"href":"https:\/\/elconspirador.com.mx\/index.php?rest_route=%2Fwp%2Fv2%2Fmedia&parent=77561"}],"wp:term":[{"taxonomy":"category","embeddable":true,"href":"https:\/\/elconspirador.com.mx\/index.php?rest_route=%2Fwp%2Fv2%2Fcategories&post=77561"},{"taxonomy":"post_tag","embeddable":true,"href":"https:\/\/elconspirador.com.mx\/index.php?rest_route=%2Fwp%2Fv2%2Ftags&post=77561"}],"curies":[{"name":"wp","href":"https:\/\/api.w.org\/{rel}","templated":true}]}}