{"id":77571,"date":"2026-04-27T11:20:28","date_gmt":"2026-04-27T17:20:28","guid":{"rendered":"https:\/\/elconspirador.com.mx\/?p=77571"},"modified":"2026-04-27T11:20:28","modified_gmt":"2026-04-27T17:20:28","slug":"festival-de-la-gordita-en-sjr-reune-a-15-mil","status":"publish","type":"post","link":"https:\/\/elconspirador.com.mx\/?p=77571","title":{"rendered":"FESTIVAL DE \u201cLA GORDITA\u201d EN SJR RE\u00daNE A 15 MIL"},"content":{"rendered":"<p>Con la asistencia de m\u00e1s de 15 mil personas, se llev\u00f3 a cabo el Quinto Festival de la Gordita y la Dobladita en la comunidad de El Carrizo, donde m\u00e1s de 20 cocineras, Trabajando Por San Juan, participaron con sus alimentos que fueron consumidos por las familias que asistieron al evento, mismo que gener\u00f3 una derrama econ\u00f3mica de cerca de un mill\u00f3n 900 mil pesos.<\/p>\n<p>El s\u00edndico del Ayuntamiento de San Juan del R\u00edo, Jos\u00e9 Francisco Landeras Layseca, destac\u00f3 que el festival se ha construido con la participaci\u00f3n activa de las cocineras y la asistencia de las personas a cada edici\u00f3n. En este sentido, felicit\u00f3 a la Coordinaci\u00f3n del Programa Festivaleando, ya que, desde el a\u00f1o pasado, ha sido impulsora del Festival de la Gordita y la Dobladita.<\/p>\n<p>\u201cMe gustar\u00eda darles un aplauso a todos ustedes, porque gracias a ustedes, gracias a las mujeres, gracias a los se\u00f1ores, a los j\u00f3venes, a los adultos mayores, hacen posible este Festival de la Gordita y la Dobladita. Es la quinta vez que se hace este festival y es gracias a ustedes, a todos ustedes, estos aplausos son para todos ustedes\u201d, dijo Jos\u00e9 Francisco Landeras.<\/p>\n<p>Durante la inauguraci\u00f3n del festival, el artista C\u00e9sar Garc\u00eda Urtiz (Dens Urtiz) fue galardonado con un reconocimiento por parte de la Coordinaci\u00f3n de Festivaleando, ya que elabor\u00f3 el mural de este evento, el cual se encuentra en la plaza principal de la comunidad, donde fue inaugurado este encuentro gastron\u00f3mico.<\/p>\n<p>A lo largo del festival, se llevaron a cabo diferentes actividades musicales, exposiciones artesanales y recreativas, pues la finalidad del mismo fue impulsar el desarrollo cultural, art\u00edstico, tur\u00edstico y social del municipio de San Juan del R\u00edo, mediante estas actividades que fortalecen el patrimonio de la demarcaci\u00f3n y el Legado de Bien Com\u00fan de las y los sanjuanenses.<\/p>\n","protected":false},"excerpt":{"rendered":"<p>Con la asistencia de m\u00e1s de 15 mil personas, se llev\u00f3 a cabo el Quinto Festival de la Gordita y la Dobladita en la comunidad de El Carrizo, donde m\u00e1s de 20 cocineras, Trabajando Por San Juan, participaron con sus alimentos que fueron consumidos por las familias que asistieron al evento, mismo que gener\u00f3 una derrama econ\u00f3mica de cerca de<\/p>\n<div class=\"h10\"><\/div>\n<p><a class=\"more-link2 flat\" href=\"https:\/\/elconspirador.com.mx\/?p=77571\">Leer m\u00e1s<\/a><\/p>\n","protected":false},"author":1,"featured_media":77572,"comment_status":"open","ping_status":"open","sticky":false,"template":"","format":"standard","meta":{"om_disable_all_campaigns":false,"_uf_show_specific_survey":0,"_uf_disable_surveys":false},"categories":[1],"tags":[],"aioseo_notices":[],"_links":{"self":[{"href":"https:\/\/elconspirador.com.mx\/index.php?rest_route=\/wp\/v2\/posts\/77571"}],"collection":[{"href":"https:\/\/elconspirador.com.mx\/index.php?rest_route=\/wp\/v2\/posts"}],"about":[{"href":"https:\/\/elconspirador.com.mx\/index.php?rest_route=\/wp\/v2\/types\/post"}],"author":[{"embeddable":true,"href":"https:\/\/elconspirador.com.mx\/index.php?rest_route=\/wp\/v2\/users\/1"}],"replies":[{"embeddable":true,"href":"https:\/\/elconspirador.com.mx\/index.php?rest_route=%2Fwp%2Fv2%2Fcomments&post=77571"}],"version-history":[{"count":1,"href":"https:\/\/elconspirador.com.mx\/index.php?rest_route=\/wp\/v2\/posts\/77571\/revisions"}],"predecessor-version":[{"id":77573,"href":"https:\/\/elconspirador.com.mx\/index.php?rest_route=\/wp\/v2\/posts\/77571\/revisions\/77573"}],"wp:featuredmedia":[{"embeddable":true,"href":"https:\/\/elconspirador.com.mx\/index.php?rest_route=\/wp\/v2\/media\/77572"}],"wp:attachment":[{"href":"https:\/\/elconspirador.com.mx\/index.php?rest_route=%2Fwp%2Fv2%2Fmedia&parent=77571"}],"wp:term":[{"taxonomy":"category","embeddable":true,"href":"https:\/\/elconspirador.com.mx\/index.php?rest_route=%2Fwp%2Fv2%2Fcategories&post=77571"},{"taxonomy":"post_tag","embeddable":true,"href":"https:\/\/elconspirador.com.mx\/index.php?rest_route=%2Fwp%2Fv2%2Ftags&post=77571"}],"curies":[{"name":"wp","href":"https:\/\/api.w.org\/{rel}","templated":true}]}}