{"id":77574,"date":"2026-04-27T18:09:07","date_gmt":"2026-04-28T00:09:07","guid":{"rendered":"https:\/\/elconspirador.com.mx\/?p=77574"},"modified":"2026-04-27T18:09:07","modified_gmt":"2026-04-28T00:09:07","slug":"asegura-segob-que-se-hara-justicia-en-accidente-de-la-350","status":"publish","type":"post","link":"https:\/\/elconspirador.com.mx\/?p=77574","title":{"rendered":"ASEGURA SEGOB QUE SE HAR\u00c1 JUSTICIA EN ACCIDENTE DE LA 350"},"content":{"rendered":"<p>El secretario de Gobierno, Eric Gudi\u00f1o Torres, asegur\u00f3 que se har\u00e1 justicia para las familias de las personas fallecidas en el accidente ocurrido en La Muralla, al tiempo que reiter\u00f3 el respaldo institucional durante el proceso legal.<\/p>\n<p>Esto, luego de que el pasado domingo un juez de control vinculara a proceso al conductor presuntamente responsable del accidente; sin embargo, el imputado obtuvo su libertad condicional como parte del procedimiento judicial.<\/p>\n<p>Ante ello, el funcionario estatal subray\u00f3 que el gobierno continuar\u00e1 brindando acompa\u00f1amiento a los familiares de las v\u00edctimas, incluso en el \u00e1mbito legal.<\/p>\n<p>&#8220;Seguiremos apoyando y, si es necesario, tambi\u00e9n de manera jur\u00eddica a las familias para que se pueda hacer justicia y puedan tener la asesor\u00eda y el apoyo correspondiente del gobierno del estado&#8221;.<\/p>\n<p>Gudi\u00f1o Torres enfatiz\u00f3 que la vinculaci\u00f3n a proceso es solo una etapa dentro del procedimiento y no representa una resoluci\u00f3n definitiva sobre la responsabilidad del conductor.<\/p>\n<p>&#8220;Esta audiencia es importante, es parte de un proceso, no es una resoluci\u00f3n definitiva. Las investigaciones deben continuar y, hasta en tanto no se desahogue la audiencia de juicio, se podr\u00e1 determinar la responsabilidad de esta persona&#8221;.<\/p>\n<p>Finalmente, el secretario de Gobierno expres\u00f3 su confianza en que las autoridades competentes lograr\u00e1n esclarecer los hechos y garantizar justicia tanto para las familias de las 10 personas fallecidas como para quienes resultaron lesionados en este accidente.<\/p>\n","protected":false},"excerpt":{"rendered":"<p>El secretario de Gobierno, Eric Gudi\u00f1o Torres, asegur\u00f3 que se har\u00e1 justicia para las familias de las personas fallecidas en el accidente ocurrido en La Muralla, al tiempo que reiter\u00f3 el respaldo institucional durante el proceso legal. Esto, luego de que el pasado domingo un juez de control vinculara a proceso al conductor presuntamente responsable del accidente; sin embargo, el<\/p>\n<div class=\"h10\"><\/div>\n<p><a class=\"more-link2 flat\" href=\"https:\/\/elconspirador.com.mx\/?p=77574\">Leer m\u00e1s<\/a><\/p>\n","protected":false},"author":1,"featured_media":77384,"comment_status":"open","ping_status":"open","sticky":false,"template":"","format":"standard","meta":{"om_disable_all_campaigns":false,"_uf_show_specific_survey":0,"_uf_disable_surveys":false},"categories":[1],"tags":[],"aioseo_notices":[],"_links":{"self":[{"href":"https:\/\/elconspirador.com.mx\/index.php?rest_route=\/wp\/v2\/posts\/77574"}],"collection":[{"href":"https:\/\/elconspirador.com.mx\/index.php?rest_route=\/wp\/v2\/posts"}],"about":[{"href":"https:\/\/elconspirador.com.mx\/index.php?rest_route=\/wp\/v2\/types\/post"}],"author":[{"embeddable":true,"href":"https:\/\/elconspirador.com.mx\/index.php?rest_route=\/wp\/v2\/users\/1"}],"replies":[{"embeddable":true,"href":"https:\/\/elconspirador.com.mx\/index.php?rest_route=%2Fwp%2Fv2%2Fcomments&post=77574"}],"version-history":[{"count":1,"href":"https:\/\/elconspirador.com.mx\/index.php?rest_route=\/wp\/v2\/posts\/77574\/revisions"}],"predecessor-version":[{"id":77575,"href":"https:\/\/elconspirador.com.mx\/index.php?rest_route=\/wp\/v2\/posts\/77574\/revisions\/77575"}],"wp:featuredmedia":[{"embeddable":true,"href":"https:\/\/elconspirador.com.mx\/index.php?rest_route=\/wp\/v2\/media\/77384"}],"wp:attachment":[{"href":"https:\/\/elconspirador.com.mx\/index.php?rest_route=%2Fwp%2Fv2%2Fmedia&parent=77574"}],"wp:term":[{"taxonomy":"category","embeddable":true,"href":"https:\/\/elconspirador.com.mx\/index.php?rest_route=%2Fwp%2Fv2%2Fcategories&post=77574"},{"taxonomy":"post_tag","embeddable":true,"href":"https:\/\/elconspirador.com.mx\/index.php?rest_route=%2Fwp%2Fv2%2Ftags&post=77574"}],"curies":[{"name":"wp","href":"https:\/\/api.w.org\/{rel}","templated":true}]}}