{"id":77614,"date":"2026-04-28T18:36:42","date_gmt":"2026-04-29T00:36:42","guid":{"rendered":"https:\/\/elconspirador.com.mx\/?p=77614"},"modified":"2026-04-28T18:36:42","modified_gmt":"2026-04-29T00:36:42","slug":"felifer-impulsa-protocolo-para-menores-familiares-de-presos","status":"publish","type":"post","link":"https:\/\/elconspirador.com.mx\/?p=77614","title":{"rendered":"FELIFER IMPULSA PROTOCOLO PARA MENORES FAMILIARES DE PRESOS"},"content":{"rendered":"<p>El presidente municipal, Felifer Mac\u00edas, acompa\u00f1ado del comisionado estatal del Sistema Penitenciario de Quer\u00e9taro, encabez\u00f3 la presentaci\u00f3n del protocolo de actuaci\u00f3n del acompa\u00f1ante resiliente para la atenci\u00f3n integral de ni\u00f1as, ni\u00f1as y adolescentes con madres privadas de la libertad, el cual es \u00fanico a nivel municipal, estatal y nacional en su tipo, por lo que Quer\u00e9taro hace historia con este protocolo.<\/p>\n<p>\u201cCon este protocolo, con el programa de acompa\u00f1ante resiliente, estoy convencido que vamos a ayudar much\u00edsimo a cambiar y a transformar vidas, a sacar lo mejor de cada uno de nosotros, sacar el m\u00e1ximo potencial de sus hijas, de sus hijos, y acompa\u00f1arlos en la lucha que tengan por sus sue\u00f1os, por su preparaci\u00f3n en la escuela, en el deporte, en el arte y en la cultura. Y donde decirles con toda claridad es que aqu\u00ed todo es posible\u201d, se\u00f1al\u00f3.<\/p>\n<p>En presencia de la presidenta del patronato del Sistema Municipal DIF, Adriana Olvera de Mac\u00edas, Felifer Mac\u00edas agreg\u00f3 que Quer\u00e9taro es una tierra de oportunidades y que estas son para todas y todos por igual. Afirm\u00f3 que la \u00fanica manera de alcanzarlas y salir adelante es fortalecer a las familias, por lo que con esta presentaci\u00f3n se env\u00eda un mensaje importante y sensible de que en Quer\u00e9taro nadie se queda atr\u00e1s.<\/p>\n<p>Gustavo L\u00f3pez Acosta, comisionado estatal del Sistema Penitenciario de Quer\u00e9taro, agradeci\u00f3 el compromiso y apoyo de Felifer Mac\u00edas, ya que, de acuerdo con estudios, en Am\u00e9rica Latina no existe un gobierno que atienda a las ni\u00f1as y ni\u00f1os de madres privadas de la libertad para fortalecer este v\u00ednculo. Adem\u00e1s, destac\u00f3 que este protocolo establece la normatividad, el sustento y la garant\u00eda para que las mujeres tengan tranquilidad, al cumplir con las Reglas Mandela y las Reglas de Bangkok, que mencionan sobre el trato digno de los reclusos y la gesti\u00f3n penitenciaria y en apego al inter\u00e9s superior de la ni\u00f1ez, como tambi\u00e9n lo establece la Constituci\u00f3n.<\/p>\n<p>La procuradora de Protecci\u00f3n de Ni\u00f1as, Ni\u00f1os y Adolescentes del Sistema Municipal DIF, Mar\u00eda Asucena Ram\u00edrez D\u00edaz, se\u00f1al\u00f3 que este protocolo indica acompa\u00f1ar sin revictimizar, c\u00f3mo separar sin romper y c\u00f3mo reinsertar sin olvidar. Tambi\u00e9n, explic\u00f3 que este documento no es solo un manual, sino la respuesta a una deuda con las mujeres, con las infancias y con las familias que atraviesan el proceso de reinserci\u00f3n social, y que acompa\u00f1ar tambi\u00e9n representa una forma de hacer justicia.<\/p>\n<p>Adem\u00e1s, se inaugur\u00f3 la tercera generaci\u00f3n del programa acompa\u00f1ante resiliente, que inicia con 21 madres y 34 ni\u00f1as y ni\u00f1os, quienes recibir\u00e1n atenci\u00f3n integral con base en este protocolo. Cabe destacar que la segunda generaci\u00f3n concluy\u00f3 con seis madres y nueve ni\u00f1as y ni\u00f1os que recibieron atenci\u00f3n integral.<\/p>\n","protected":false},"excerpt":{"rendered":"<p>El presidente municipal, Felifer Mac\u00edas, acompa\u00f1ado del comisionado estatal del Sistema Penitenciario de Quer\u00e9taro, encabez\u00f3 la presentaci\u00f3n del protocolo de actuaci\u00f3n del acompa\u00f1ante resiliente para la atenci\u00f3n integral de ni\u00f1as, ni\u00f1as y adolescentes con madres privadas de la libertad, el cual es \u00fanico a nivel municipal, estatal y nacional en su tipo, por lo que Quer\u00e9taro hace historia con este<\/p>\n<div class=\"h10\"><\/div>\n<p><a class=\"more-link2 flat\" href=\"https:\/\/elconspirador.com.mx\/?p=77614\">Leer m\u00e1s<\/a><\/p>\n","protected":false},"author":1,"featured_media":77615,"comment_status":"open","ping_status":"open","sticky":false,"template":"","format":"standard","meta":{"om_disable_all_campaigns":false,"_uf_show_specific_survey":0,"_uf_disable_surveys":false},"categories":[1],"tags":[],"aioseo_notices":[],"_links":{"self":[{"href":"https:\/\/elconspirador.com.mx\/index.php?rest_route=\/wp\/v2\/posts\/77614"}],"collection":[{"href":"https:\/\/elconspirador.com.mx\/index.php?rest_route=\/wp\/v2\/posts"}],"about":[{"href":"https:\/\/elconspirador.com.mx\/index.php?rest_route=\/wp\/v2\/types\/post"}],"author":[{"embeddable":true,"href":"https:\/\/elconspirador.com.mx\/index.php?rest_route=\/wp\/v2\/users\/1"}],"replies":[{"embeddable":true,"href":"https:\/\/elconspirador.com.mx\/index.php?rest_route=%2Fwp%2Fv2%2Fcomments&post=77614"}],"version-history":[{"count":1,"href":"https:\/\/elconspirador.com.mx\/index.php?rest_route=\/wp\/v2\/posts\/77614\/revisions"}],"predecessor-version":[{"id":77616,"href":"https:\/\/elconspirador.com.mx\/index.php?rest_route=\/wp\/v2\/posts\/77614\/revisions\/77616"}],"wp:featuredmedia":[{"embeddable":true,"href":"https:\/\/elconspirador.com.mx\/index.php?rest_route=\/wp\/v2\/media\/77615"}],"wp:attachment":[{"href":"https:\/\/elconspirador.com.mx\/index.php?rest_route=%2Fwp%2Fv2%2Fmedia&parent=77614"}],"wp:term":[{"taxonomy":"category","embeddable":true,"href":"https:\/\/elconspirador.com.mx\/index.php?rest_route=%2Fwp%2Fv2%2Fcategories&post=77614"},{"taxonomy":"post_tag","embeddable":true,"href":"https:\/\/elconspirador.com.mx\/index.php?rest_route=%2Fwp%2Fv2%2Ftags&post=77614"}],"curies":[{"name":"wp","href":"https:\/\/api.w.org\/{rel}","templated":true}]}}