{"id":77617,"date":"2026-04-27T18:23:00","date_gmt":"2026-04-28T00:23:00","guid":{"rendered":"https:\/\/elconspirador.com.mx\/?p=77617"},"modified":"2026-04-27T18:23:00","modified_gmt":"2026-04-28T00:23:00","slug":"corregidora-fortalece-sus-estrategias-de-seguridad","status":"publish","type":"post","link":"https:\/\/elconspirador.com.mx\/?p=77617","title":{"rendered":"CORREGIDORA FORTALECE SUS ESTRATEGIAS DE SEGURIDAD"},"content":{"rendered":"<p class=\"s5\"><span class=\"s4\"><span class=\"bumpedFont15\">En representaci\u00f3n del alcalde<\/span><\/span> <span class=\"s4\"><span class=\"bumpedFont15\">de Corregidora, <\/span><\/span><span class=\"s4\"><span class=\"bumpedFont15\">Chepe Guerrero, <\/span><\/span><span class=\"s4\"><span class=\"bumpedFont15\">el secretario de Seguridad, \u00c1ngel Rangel y la secretaria de Gobierno, <\/span><\/span><span class=\"s4\"><span class=\"bumpedFont15\">Cristina Fern\u00e1ndez de Cevallos<\/span><\/span><span class=\"s4\"><span class=\"bumpedFont15\">, <\/span><\/span><span class=\"s4\"><span class=\"bumpedFont15\">recibieron <\/span><\/span><span class=\"s4\"><span class=\"bumpedFont15\">una <\/span><\/span><span class=\"s4\"><span class=\"bumpedFont15\">comitiva de la ciudad de Laredo, Texas, encabezad<\/span><\/span><span class=\"s4\"><span class=\"bumpedFont15\">a por el regente Joseph W. Neeb; el objetivo de la reuni\u00f3n es <\/span><\/span><span class=\"s4\"><span class=\"bumpedFont15\">fortalecer las estrategias de seguridad desde un enfoque pre<\/span><\/span><span class=\"s4\"><span class=\"bumpedFont15\">ventivo y de proximidad social. <\/span><\/span><\/p>\n<p class=\"s5\"><span class=\"s4\">\u00a0<\/span><\/p>\n<p class=\"s5\"><span class=\"s4\"><span class=\"bumpedFont15\">Durante el encuentro realizado en las instalaciones de la Secretar\u00eda de Seguridad P\u00fablica Municipal, <\/span><\/span><span class=\"s4\"><span class=\"bumpedFont15\">representantes de ambas demarcaciones coincidieron en la importancia de impulsar modelos de seguridad que prioricen la prevenci\u00f3n del delito, la participaci\u00f3n activa de la ciudadan\u00eda y la construcci\u00f3n de entornos seguros a partir de la corresponsabilidad social. En este sentido, se destac\u00f3 que compartir experiencias, metodolog\u00edas y resultados permite robustecer las pol\u00edticas p\u00fablicas y adaptarlas a los contextos locales con mayor efectividad.<\/span><\/span><\/p>\n<p class=\"s5\"><span class=\"s4\">\u00a0<\/span><\/p>\n<p class=\"s5\"><span class=\"s4\"><span class=\"bumpedFont15\">La d<\/span><\/span><span class=\"s4\"><span class=\"bumpedFont15\">elegaci\u00f3n<\/span><\/span><span class=\"s4\"><span class=\"bumpedFont15\"> estadounidense<\/span><\/span><span class=\"s4\"><span class=\"bumpedFont15\"> estuvo integrada por Beth Neeb; el subjefe de Bomberos, Silvestre Rodr\u00edguez Jr.; el subjefe de Polic\u00eda, Ricardo Gonz\u00e1lez; el teniente de Polic\u00eda, Romy Mutuc; el coordinador de Relaciones Internacionales, Jos\u00e9 D. Ollervides; la directora de la Oficina de Turismo y Relaciones Internacionales, Aileen Ramos; as\u00ed como el presidente de la asociaci\u00f3n Migrantes Unidos en Caravana, A.C., Juan Fernando Rocha Mier.<\/span><\/span><\/p>\n<p class=\"s5\"><span class=\"s4\">\u00a0<\/span><\/p>\n<p class=\"s5\"><span class=\"s4\"><span class=\"bumpedFont15\">La comitiva conoci\u00f3 de primera mano los programas que impulsa la Secretar\u00eda de Seguridad P\u00fablica Municipal de Corregidora en coordinaci\u00f3n con la ciudadan\u00eda, entre ellos Vecino Vigilante, Auxiliares de Justicia C\u00edvica y Promotores Escolares, as\u00ed como las acciones de justicia cotidiana mediante convenios para mejorar la convivencia vecinal y el trabajo a favor de la comunidad como sanci\u00f3n por faltas administrativas. De igual forma, se presentaron las estrategias de patrullaje preventivo y el sistema de monitoreo permanente operado desde el C4.<\/span><\/span><\/p>\n<p class=\"s5\"><span class=\"s4\">\u00a0<\/span><\/p>\n<p class=\"s5\"><span class=\"s4\"><span class=\"bumpedFont15\">Como parte del intercambio institucional, el subjefe de Polic\u00eda de Laredo, Ricardo Gonz\u00e1lez, hizo entrega de una moneda representativa del Departamento de Polic\u00eda a <\/span><\/span><span class=\"s4\"><span class=\"bumpedFont15\">\u00c1ngel Rangel, como s\u00edmbolo de colaboraci\u00f3n, respeto y fortalecimiento de los lazos entre ambas corporaciones.<\/span><\/span><\/p>\n<p class=\"s5\"><span class=\"s4\">\u00a0<\/span><\/p>\n<p class=\"s5\"><span class=\"s4\"><span class=\"bumpedFont15\">Asimismo, se reconocieron similitudes entre Corregidora y Laredo en cuanto a programas y enfoques de seguridad, con una misma esencia: proximidad, prevenci\u00f3n y participaci\u00f3n ciudadana como ejes rectores para la construcci\u00f3n de comunidades m\u00e1s seguras.<\/span><\/span><\/p>\n<p class=\"s5\"><span class=\"s4\">\u00a0<\/span><\/p>\n<p class=\"s5\"><span class=\"s4\"><span class=\"bumpedFont15\">Esta visita se enmarca en el convenio de hermanamiento entre ambas ciudades, el cual tiene como prop\u00f3sito promover el intercambio de buenas pr\u00e1cticas, fortalecer la capacitaci\u00f3n continua, as\u00ed como impulsar la cooperaci\u00f3n en materia de seguridad, protecci\u00f3n civil y desarrollo institucional.<\/span><\/span><\/p>\n","protected":false},"excerpt":{"rendered":"<p>En representaci\u00f3n del alcalde de Corregidora, Chepe Guerrero, el secretario de Seguridad, \u00c1ngel Rangel y la secretaria de Gobierno, Cristina Fern\u00e1ndez de Cevallos, recibieron una comitiva de la ciudad de Laredo, Texas, encabezada por el regente Joseph W. Neeb; el objetivo de la reuni\u00f3n es fortalecer las estrategias de seguridad desde un enfoque preventivo y de proximidad social. \u00a0 Durante<\/p>\n<div class=\"h10\"><\/div>\n<p><a class=\"more-link2 flat\" href=\"https:\/\/elconspirador.com.mx\/?p=77617\">Leer m\u00e1s<\/a><\/p>\n","protected":false},"author":1,"featured_media":77618,"comment_status":"open","ping_status":"open","sticky":false,"template":"","format":"standard","meta":{"om_disable_all_campaigns":false,"_uf_show_specific_survey":0,"_uf_disable_surveys":false},"categories":[1],"tags":[],"aioseo_notices":[],"_links":{"self":[{"href":"https:\/\/elconspirador.com.mx\/index.php?rest_route=\/wp\/v2\/posts\/77617"}],"collection":[{"href":"https:\/\/elconspirador.com.mx\/index.php?rest_route=\/wp\/v2\/posts"}],"about":[{"href":"https:\/\/elconspirador.com.mx\/index.php?rest_route=\/wp\/v2\/types\/post"}],"author":[{"embeddable":true,"href":"https:\/\/elconspirador.com.mx\/index.php?rest_route=\/wp\/v2\/users\/1"}],"replies":[{"embeddable":true,"href":"https:\/\/elconspirador.com.mx\/index.php?rest_route=%2Fwp%2Fv2%2Fcomments&post=77617"}],"version-history":[{"count":1,"href":"https:\/\/elconspirador.com.mx\/index.php?rest_route=\/wp\/v2\/posts\/77617\/revisions"}],"predecessor-version":[{"id":77619,"href":"https:\/\/elconspirador.com.mx\/index.php?rest_route=\/wp\/v2\/posts\/77617\/revisions\/77619"}],"wp:featuredmedia":[{"embeddable":true,"href":"https:\/\/elconspirador.com.mx\/index.php?rest_route=\/wp\/v2\/media\/77618"}],"wp:attachment":[{"href":"https:\/\/elconspirador.com.mx\/index.php?rest_route=%2Fwp%2Fv2%2Fmedia&parent=77617"}],"wp:term":[{"taxonomy":"category","embeddable":true,"href":"https:\/\/elconspirador.com.mx\/index.php?rest_route=%2Fwp%2Fv2%2Fcategories&post=77617"},{"taxonomy":"post_tag","embeddable":true,"href":"https:\/\/elconspirador.com.mx\/index.php?rest_route=%2Fwp%2Fv2%2Ftags&post=77617"}],"curies":[{"name":"wp","href":"https:\/\/api.w.org\/{rel}","templated":true}]}}