{"id":77623,"date":"2026-04-27T19:33:58","date_gmt":"2026-04-28T01:33:58","guid":{"rendered":"https:\/\/elconspirador.com.mx\/?p=77623"},"modified":"2026-04-27T19:33:58","modified_gmt":"2026-04-28T01:33:58","slug":"segob-exige-a-cfe-que-atienda-apagones-en-queretaro","status":"publish","type":"post","link":"https:\/\/elconspirador.com.mx\/?p=77623","title":{"rendered":"SEGOB EXIGE A CFE QUE ATIENDA APAGONES EN QUER\u00c9TARO"},"content":{"rendered":"<p>El secretario de Gobierno del estado, Eric Gudi\u00f1o Torres, inform\u00f3 que la administraci\u00f3n estatal ha sostenido reuniones constantes con la Comisi\u00f3n Federal de Electricidad (CFE) para exigir la atenci\u00f3n oportuna de los apagones que se han registrado en diversas zonas de Quer\u00e9taro, los cuales han afectado tanto a la poblaci\u00f3n como a servicios b\u00e1sicos.<\/p>\n<p>Detall\u00f3 que las fallas el\u00e9ctricas se han presentado en comunidades de Santa Rosa J\u00e1uregui, El Marqu\u00e9s, Ezequiel Montes, as\u00ed como en algunas zonas de la capital, donde los reportes ciudadanos han sido recurrentes sin una respuesta inmediata por parte de la paraestatal.<\/p>\n<p>&#8220;No fue aqu\u00ed la reuni\u00f3n, pero lo que s\u00ed es que hemos tenido reuniones nosotros de manera permanente con la CFE para pedirles y exigirles que est\u00e9n atendiendo los apagones que se han venido disfrutando en diferentes comunidades en Santa Rosa, en el Nabo, en el Marqu\u00e9s, en Ezequiel Montes y algunas zonas de aqu\u00ed de la capital. Hay reportes, pero lo est\u00e1n atendiendo tarde. Entonces el compromiso de ellos es que los van a estar atendiendo con mayor prontitud y nosotros estaremos tambi\u00e9n d\u00e1ndoles esta informaci\u00f3n que muchas veces no se atiende y que vamos a fingir como ese canal de comunicaci\u00f3n.&#8221;<\/p>\n<p>El funcionario se\u00f1al\u00f3 que esta problem\u00e1tica ha persistido durante varias semanas y ha generado consecuencias adicionales, como afectaciones en el suministro de agua potable, debido a que los apagones provocan la interrupci\u00f3n en el funcionamiento de los pozos.<\/p>\n<p>&#8220;Pero ya hemos tenido varias reuniones con ellos y esa es la intenci\u00f3n que puedan atender un tema que ha venido generando problemas a lo largo de varias semanas aqu\u00ed en Quer\u00e9taro y que tambi\u00e9n nos genera problemas con el abasto de agua porque se apagan los pozos.&#8221;<\/p>\n<p>Gudi\u00f1o Torres indic\u00f3 que, contrario a algunas versiones, no se ha presentado evidencia formal que vincule los apagones con actos de vandalismo, y explic\u00f3 que en varios casos las fallas se deben a problemas t\u00e9cnicos o falta de mantenimiento, como la poda de \u00e1rboles en zonas de riesgo.<\/p>\n<p>&#8220;Sabes, no nos a nosotros no nos presentaron ninguna informaci\u00f3n respecto a este asunto. El tema incluso en el tren que se dio en la Trinidad fue por una falla de una empresa que ellos tienen que verificar y que ellos tienen que atender. En el caso de cuando se dan las lluvias, pues muchas veces la falta de poda de los \u00e1rboles genera problemas y no ha sido atendido a pesar de que hay reportes previos.&#8221;<\/p>\n<p>Asimismo, puntualiz\u00f3 que el gobierno estatal ha entregado informaci\u00f3n detallada a la CFE sobre los puntos donde se registran fallas frecuentes, con el objetivo de que se atiendan de manera prioritaria, adem\u00e1s de que existe un compromiso por parte de la dependencia federal para mejorar los tiempos de respuesta.<\/p>\n<p>&#8220;Entonces hubo un compromiso de atender los reportes, se les dio, se les se le entreg\u00f3 informaci\u00f3n de los municipios y de las zonas donde de manera seguida hay este tipo de apagones y que no est\u00e1n atendi\u00e9ndose en tiempo y forma. Se les pidi\u00f3 tambi\u00e9n que atendieran las podas del que tienen, que est\u00e1n obligados ellos a hacer para que cuando se d\u00e9 una lluvia o se d\u00e9 o por cuestiones de clima haya apagones, pues se evite esta situaci\u00f3n o se atienda de manera inmediata.&#8221;<\/p>\n<p>Finalmente, el secretario reiter\u00f3 que, aunque la atenci\u00f3n de este tipo de fallas corresponde al \u00e1mbito federal, el gobierno estatal continuar\u00e1 fungiendo como enlace para canalizar los reportes ciudadanos y dar seguimiento a las soluciones, a fin de reducir las afectaciones en distintas regiones de Quer\u00e9taro.<\/p>\n","protected":false},"excerpt":{"rendered":"<p>El secretario de Gobierno del estado, Eric Gudi\u00f1o Torres, inform\u00f3 que la administraci\u00f3n estatal ha sostenido reuniones constantes con la Comisi\u00f3n Federal de Electricidad (CFE) para exigir la atenci\u00f3n oportuna de los apagones que se han registrado en diversas zonas de Quer\u00e9taro, los cuales han afectado tanto a la poblaci\u00f3n como a servicios b\u00e1sicos. Detall\u00f3 que las fallas el\u00e9ctricas se<\/p>\n<div class=\"h10\"><\/div>\n<p><a class=\"more-link2 flat\" href=\"https:\/\/elconspirador.com.mx\/?p=77623\">Leer m\u00e1s<\/a><\/p>\n","protected":false},"author":1,"featured_media":77624,"comment_status":"open","ping_status":"open","sticky":false,"template":"","format":"standard","meta":{"om_disable_all_campaigns":false,"_uf_show_specific_survey":0,"_uf_disable_surveys":false},"categories":[1],"tags":[],"aioseo_notices":[],"_links":{"self":[{"href":"https:\/\/elconspirador.com.mx\/index.php?rest_route=\/wp\/v2\/posts\/77623"}],"collection":[{"href":"https:\/\/elconspirador.com.mx\/index.php?rest_route=\/wp\/v2\/posts"}],"about":[{"href":"https:\/\/elconspirador.com.mx\/index.php?rest_route=\/wp\/v2\/types\/post"}],"author":[{"embeddable":true,"href":"https:\/\/elconspirador.com.mx\/index.php?rest_route=\/wp\/v2\/users\/1"}],"replies":[{"embeddable":true,"href":"https:\/\/elconspirador.com.mx\/index.php?rest_route=%2Fwp%2Fv2%2Fcomments&post=77623"}],"version-history":[{"count":1,"href":"https:\/\/elconspirador.com.mx\/index.php?rest_route=\/wp\/v2\/posts\/77623\/revisions"}],"predecessor-version":[{"id":77625,"href":"https:\/\/elconspirador.com.mx\/index.php?rest_route=\/wp\/v2\/posts\/77623\/revisions\/77625"}],"wp:featuredmedia":[{"embeddable":true,"href":"https:\/\/elconspirador.com.mx\/index.php?rest_route=\/wp\/v2\/media\/77624"}],"wp:attachment":[{"href":"https:\/\/elconspirador.com.mx\/index.php?rest_route=%2Fwp%2Fv2%2Fmedia&parent=77623"}],"wp:term":[{"taxonomy":"category","embeddable":true,"href":"https:\/\/elconspirador.com.mx\/index.php?rest_route=%2Fwp%2Fv2%2Fcategories&post=77623"},{"taxonomy":"post_tag","embeddable":true,"href":"https:\/\/elconspirador.com.mx\/index.php?rest_route=%2Fwp%2Fv2%2Ftags&post=77623"}],"curies":[{"name":"wp","href":"https:\/\/api.w.org\/{rel}","templated":true}]}}