{"id":77629,"date":"2026-04-28T20:55:36","date_gmt":"2026-04-29T02:55:36","guid":{"rendered":"https:\/\/elconspirador.com.mx\/?p=77629"},"modified":"2026-04-28T20:55:36","modified_gmt":"2026-04-29T02:55:36","slug":"no-habra-aumento-en-tarifa-qrobus","status":"publish","type":"post","link":"https:\/\/elconspirador.com.mx\/?p=77629","title":{"rendered":"NO HABR\u00c1 AUMENTO EN TARIFA QROBUS"},"content":{"rendered":"<p>El gobernador del estado, Mauricio Kuri Gonz\u00e1lez, reconoci\u00f3 que el incremento en el precio del di\u00e9sel representa un riesgo para las finanzas relacionadas con el transporte p\u00fablico, aunque aclar\u00f3 que por ahora no se contempla un aumento en la tarifa para los usuarios.<\/p>\n<p>El mandatario estatal se\u00f1al\u00f3 que el encarecimiento de los combustibles complica la operaci\u00f3n del sistema de transporte, debido al impacto econ\u00f3mico que genera en los costos del servicio.<\/p>\n<p>\u201cSiempre es un riesgo. Cuando se eleva el precio del di\u00e9sel un 30 o 40 por ciento, es muy complicado aguantarlo. No quiere decir que va a haber (incremento); al contrario, estoy diciendo que vamos a hacer todo lo posible porque este subsidio es el mejor subsidio de todos\u201d.<\/p>\n<p>Mauricio Kuri afirm\u00f3 que su administraci\u00f3n buscar\u00e1 mantener tanto la tarifa actual como los apoyos que actualmente se ofrecen a distintos sectores de la poblaci\u00f3n para el uso del transporte p\u00fablico.<\/p>\n<p>\u201cEl tema del di\u00e9sel, por supuesto que es un riesgo porque est\u00e1 car\u00edsimo. Ah\u00ed lo que nos est\u00e1 afectando es a las finanzas del estado; ya lo hemos dicho, que el mejor subsidio que podemos dar es la conectividad\u201d.<\/p>\n<p>El gobernador reiter\u00f3 que el objetivo de su administraci\u00f3n es garantizar la movilidad de la poblaci\u00f3n sin trasladar el impacto del aumento en los combustibles al bolsillo de los ciudadanos.<\/p>\n","protected":false},"excerpt":{"rendered":"<p>El gobernador del estado, Mauricio Kuri Gonz\u00e1lez, reconoci\u00f3 que el incremento en el precio del di\u00e9sel representa un riesgo para las finanzas relacionadas con el transporte p\u00fablico, aunque aclar\u00f3 que por ahora no se contempla un aumento en la tarifa para los usuarios. El mandatario estatal se\u00f1al\u00f3 que el encarecimiento de los combustibles complica la operaci\u00f3n del sistema de transporte,<\/p>\n<div class=\"h10\"><\/div>\n<p><a class=\"more-link2 flat\" href=\"https:\/\/elconspirador.com.mx\/?p=77629\">Leer m\u00e1s<\/a><\/p>\n","protected":false},"author":1,"featured_media":77630,"comment_status":"open","ping_status":"open","sticky":false,"template":"","format":"standard","meta":{"om_disable_all_campaigns":false,"_uf_show_specific_survey":0,"_uf_disable_surveys":false},"categories":[1],"tags":[],"aioseo_notices":[],"_links":{"self":[{"href":"https:\/\/elconspirador.com.mx\/index.php?rest_route=\/wp\/v2\/posts\/77629"}],"collection":[{"href":"https:\/\/elconspirador.com.mx\/index.php?rest_route=\/wp\/v2\/posts"}],"about":[{"href":"https:\/\/elconspirador.com.mx\/index.php?rest_route=\/wp\/v2\/types\/post"}],"author":[{"embeddable":true,"href":"https:\/\/elconspirador.com.mx\/index.php?rest_route=\/wp\/v2\/users\/1"}],"replies":[{"embeddable":true,"href":"https:\/\/elconspirador.com.mx\/index.php?rest_route=%2Fwp%2Fv2%2Fcomments&post=77629"}],"version-history":[{"count":1,"href":"https:\/\/elconspirador.com.mx\/index.php?rest_route=\/wp\/v2\/posts\/77629\/revisions"}],"predecessor-version":[{"id":77631,"href":"https:\/\/elconspirador.com.mx\/index.php?rest_route=\/wp\/v2\/posts\/77629\/revisions\/77631"}],"wp:featuredmedia":[{"embeddable":true,"href":"https:\/\/elconspirador.com.mx\/index.php?rest_route=\/wp\/v2\/media\/77630"}],"wp:attachment":[{"href":"https:\/\/elconspirador.com.mx\/index.php?rest_route=%2Fwp%2Fv2%2Fmedia&parent=77629"}],"wp:term":[{"taxonomy":"category","embeddable":true,"href":"https:\/\/elconspirador.com.mx\/index.php?rest_route=%2Fwp%2Fv2%2Fcategories&post=77629"},{"taxonomy":"post_tag","embeddable":true,"href":"https:\/\/elconspirador.com.mx\/index.php?rest_route=%2Fwp%2Fv2%2Ftags&post=77629"}],"curies":[{"name":"wp","href":"https:\/\/api.w.org\/{rel}","templated":true}]}}