{"id":77633,"date":"2026-04-29T10:55:24","date_gmt":"2026-04-29T16:55:24","guid":{"rendered":"https:\/\/elconspirador.com.mx\/?p=77633"},"modified":"2026-04-29T10:55:24","modified_gmt":"2026-04-29T16:55:24","slug":"kuri-se-reunira-con-colectivos-de-movilidad","status":"publish","type":"post","link":"https:\/\/elconspirador.com.mx\/?p=77633","title":{"rendered":"KURI SE REUNIR\u00c1 CON COLECTIVOS DE MOVILIDAD"},"content":{"rendered":"<p>El secretario de Gobierno, Eric Gudi\u00f1o Torres, confirm\u00f3 que el gobernador del estado sostendr\u00e1 una reuni\u00f3n con colectivos de movilidad para escuchar sus demandas e inquietudes en torno a diversos temas relacionados con la movilidad en la entidad.<\/p>\n<p>Esto luego de que inicialmente el mandatario estatal se negara a participar en el di\u00e1logo solicitado por las agrupaciones; sin embargo, actualmente ya se trabaja en la organizaci\u00f3n del encuentro entre ambas partes.<\/p>\n<p>\u201cAhora sigue la reuni\u00f3n con el gobernador, en un di\u00e1logo amable, en el que puedan exponer algunas inquietudes que traen. Estamos organizando para que sea un di\u00e1logo productivo\u201d.<\/p>\n<p>El funcionario estatal explic\u00f3 que la reuni\u00f3n podr\u00eda concretarse a principios de mayo y que, por el momento, tanto los colectivos como la Secretar\u00eda de Participaci\u00f3n Ciudadana y la Secretar\u00eda de Gobierno afinan los detalles del formato que tendr\u00e1 el encuentro.<\/p>\n<p>\u201cPara poder dialogar, no podemos dialogar con 50, pero s\u00ed seguramente con un grupo que va a permitir el intercambio de ideas y que pueda haber una propuesta tambi\u00e9n del gobernador a esas inquietudes\u201d.<\/p>\n<p>Eric Gudi\u00f1o Torres reiter\u00f3 que la intenci\u00f3n es generar un espacio de di\u00e1logo ordenado y productivo que permita plantear propuestas y atender las preocupaciones de los colectivos de movilidad.<\/p>\n","protected":false},"excerpt":{"rendered":"<p>El secretario de Gobierno, Eric Gudi\u00f1o Torres, confirm\u00f3 que el gobernador del estado sostendr\u00e1 una reuni\u00f3n con colectivos de movilidad para escuchar sus demandas e inquietudes en torno a diversos temas relacionados con la movilidad en la entidad. Esto luego de que inicialmente el mandatario estatal se negara a participar en el di\u00e1logo solicitado por las agrupaciones; sin embargo, actualmente<\/p>\n<div class=\"h10\"><\/div>\n<p><a class=\"more-link2 flat\" href=\"https:\/\/elconspirador.com.mx\/?p=77633\">Leer m\u00e1s<\/a><\/p>\n","protected":false},"author":1,"featured_media":77634,"comment_status":"open","ping_status":"open","sticky":false,"template":"","format":"standard","meta":{"om_disable_all_campaigns":false,"_uf_show_specific_survey":0,"_uf_disable_surveys":false},"categories":[1],"tags":[],"aioseo_notices":[],"_links":{"self":[{"href":"https:\/\/elconspirador.com.mx\/index.php?rest_route=\/wp\/v2\/posts\/77633"}],"collection":[{"href":"https:\/\/elconspirador.com.mx\/index.php?rest_route=\/wp\/v2\/posts"}],"about":[{"href":"https:\/\/elconspirador.com.mx\/index.php?rest_route=\/wp\/v2\/types\/post"}],"author":[{"embeddable":true,"href":"https:\/\/elconspirador.com.mx\/index.php?rest_route=\/wp\/v2\/users\/1"}],"replies":[{"embeddable":true,"href":"https:\/\/elconspirador.com.mx\/index.php?rest_route=%2Fwp%2Fv2%2Fcomments&post=77633"}],"version-history":[{"count":1,"href":"https:\/\/elconspirador.com.mx\/index.php?rest_route=\/wp\/v2\/posts\/77633\/revisions"}],"predecessor-version":[{"id":77635,"href":"https:\/\/elconspirador.com.mx\/index.php?rest_route=\/wp\/v2\/posts\/77633\/revisions\/77635"}],"wp:featuredmedia":[{"embeddable":true,"href":"https:\/\/elconspirador.com.mx\/index.php?rest_route=\/wp\/v2\/media\/77634"}],"wp:attachment":[{"href":"https:\/\/elconspirador.com.mx\/index.php?rest_route=%2Fwp%2Fv2%2Fmedia&parent=77633"}],"wp:term":[{"taxonomy":"category","embeddable":true,"href":"https:\/\/elconspirador.com.mx\/index.php?rest_route=%2Fwp%2Fv2%2Fcategories&post=77633"},{"taxonomy":"post_tag","embeddable":true,"href":"https:\/\/elconspirador.com.mx\/index.php?rest_route=%2Fwp%2Fv2%2Ftags&post=77633"}],"curies":[{"name":"wp","href":"https:\/\/api.w.org\/{rel}","templated":true}]}}