{"id":77639,"date":"2026-04-28T12:37:29","date_gmt":"2026-04-28T18:37:29","guid":{"rendered":"https:\/\/elconspirador.com.mx\/?p=77639"},"modified":"2026-04-28T12:37:29","modified_gmt":"2026-04-28T18:37:29","slug":"transportes-almeacenses-ya-trabajan-para-compensar-afectados-del-choque","status":"publish","type":"post","link":"https:\/\/elconspirador.com.mx\/?p=77639","title":{"rendered":"TRANSPORTES ALMEACENSES YA TRABAJAN PARA COMPENSAR AFECTADOS DEL CHOQUE"},"content":{"rendered":"<p>El secretario de Gobierno, Eric Gudi\u00f1o Torres, inform\u00f3 que la empresa de transportes Amealcenses deber\u00e1 hacerse responsable de los gastos derivados del accidente ocurrido en La Muralla, en el que varias personas resultaron lesionadas y otras m\u00e1s perdieron la vida.<\/p>\n<p>El funcionario estatal se\u00f1al\u00f3 que desde el primer momento se estableci\u00f3 comunicaci\u00f3n con los responsables de la empresa para garantizar el apoyo a las familias afectadas.<\/p>\n<p>\u201cNosotros hemos tenido acercamiento con el responsable de la empresa Amealcenses y se har\u00e1 cargo de estos gastos. Ayer se tuvo una reuni\u00f3n en la zona, donde estuvo la subsecretaria de Derechos Humanos, donde estuvo el director de Concertaci\u00f3n, donde estuvo Aurelio Cigala, estuvo el secretario t\u00e9cnico de la Secretar\u00eda de Gobierno\u201d.<\/p>\n<p>Gudi\u00f1o Torres detall\u00f3 que, tras dicha reuni\u00f3n, se logr\u00f3 contacto con familiares de las personas lesionadas y fallecidas, a quienes el gobierno estatal ofreci\u00f3 acompa\u00f1amiento y asesor\u00eda jur\u00eddica para facilitar la vinculaci\u00f3n con la empresa transportista.<\/p>\n<p>\u201cVan a dar acompa\u00f1amiento a quien requiera un abogado; la intenci\u00f3n es que la empresa pueda indemnizar y pagar los seguros m\u00e9dicos. Hay familias que con el accidente se quedaron sin el pap\u00e1, sin su mam\u00e1, y necesitamos apoyarlos\u201d.<\/p>\n<p>El secretario de Gobierno tambi\u00e9n reconoci\u00f3 que algunas funerarias se acercaron a las familias con el argumento de brindar apoyo; sin embargo, finalmente les cobraron los servicios funerarios.<\/p>\n<p>\u201cEfectivamente, se acercaron algunas empresas funerarias para poder ayudar, pero en realidad cobraron. Comentar que el alcalde s\u00ed apoy\u00f3 directamente a algunas familias\u201d.<\/p>\n<p>Finalmente, inform\u00f3 que una persona permanece hospitalizada en estado grave y que se analiza su traslado a la Ciudad de M\u00e9xico para recibir atenci\u00f3n m\u00e9dica especializada.<\/p>\n","protected":false},"excerpt":{"rendered":"<p>El secretario de Gobierno, Eric Gudi\u00f1o Torres, inform\u00f3 que la empresa de transportes Amealcenses deber\u00e1 hacerse responsable de los gastos derivados del accidente ocurrido en La Muralla, en el que varias personas resultaron lesionadas y otras m\u00e1s perdieron la vida. El funcionario estatal se\u00f1al\u00f3 que desde el primer momento se estableci\u00f3 comunicaci\u00f3n con los responsables de la empresa para garantizar<\/p>\n<div class=\"h10\"><\/div>\n<p><a class=\"more-link2 flat\" href=\"https:\/\/elconspirador.com.mx\/?p=77639\">Leer m\u00e1s<\/a><\/p>\n","protected":false},"author":1,"featured_media":77640,"comment_status":"open","ping_status":"open","sticky":false,"template":"","format":"standard","meta":{"om_disable_all_campaigns":false,"_uf_show_specific_survey":0,"_uf_disable_surveys":false},"categories":[1],"tags":[],"aioseo_notices":[],"_links":{"self":[{"href":"https:\/\/elconspirador.com.mx\/index.php?rest_route=\/wp\/v2\/posts\/77639"}],"collection":[{"href":"https:\/\/elconspirador.com.mx\/index.php?rest_route=\/wp\/v2\/posts"}],"about":[{"href":"https:\/\/elconspirador.com.mx\/index.php?rest_route=\/wp\/v2\/types\/post"}],"author":[{"embeddable":true,"href":"https:\/\/elconspirador.com.mx\/index.php?rest_route=\/wp\/v2\/users\/1"}],"replies":[{"embeddable":true,"href":"https:\/\/elconspirador.com.mx\/index.php?rest_route=%2Fwp%2Fv2%2Fcomments&post=77639"}],"version-history":[{"count":1,"href":"https:\/\/elconspirador.com.mx\/index.php?rest_route=\/wp\/v2\/posts\/77639\/revisions"}],"predecessor-version":[{"id":77641,"href":"https:\/\/elconspirador.com.mx\/index.php?rest_route=\/wp\/v2\/posts\/77639\/revisions\/77641"}],"wp:featuredmedia":[{"embeddable":true,"href":"https:\/\/elconspirador.com.mx\/index.php?rest_route=\/wp\/v2\/media\/77640"}],"wp:attachment":[{"href":"https:\/\/elconspirador.com.mx\/index.php?rest_route=%2Fwp%2Fv2%2Fmedia&parent=77639"}],"wp:term":[{"taxonomy":"category","embeddable":true,"href":"https:\/\/elconspirador.com.mx\/index.php?rest_route=%2Fwp%2Fv2%2Fcategories&post=77639"},{"taxonomy":"post_tag","embeddable":true,"href":"https:\/\/elconspirador.com.mx\/index.php?rest_route=%2Fwp%2Fv2%2Ftags&post=77639"}],"curies":[{"name":"wp","href":"https:\/\/api.w.org\/{rel}","templated":true}]}}