{"id":77652,"date":"2026-04-28T14:17:26","date_gmt":"2026-04-28T20:17:26","guid":{"rendered":"https:\/\/elconspirador.com.mx\/?p=77652"},"modified":"2026-04-28T14:17:26","modified_gmt":"2026-04-28T20:17:26","slug":"corregidora-impulsa-el-talento-deportivo","status":"publish","type":"post","link":"https:\/\/elconspirador.com.mx\/?p=77652","title":{"rendered":"CORREGIDORA IMPULSA EL TALENTO DEPORTIVO"},"content":{"rendered":"<p class=\"s5\"><span class=\"s4\"><span class=\"bumpedFont15\">El presidente municipal de Corregidora, Chepe Guerrero, visit\u00f3 a ni\u00f1as, ni\u00f1os y j\u00f3venes que forman parte de las academias de b\u00e9isbol y f\u00fatbol del programa \u201cPir\u00e1mides\u201d, una estrategia 100 por ciento gratuita que impulsa el deporte y el desarrollo integral.<\/span><\/span><\/p>\n<p class=\"s5\"><span class=\"s4\">\u00a0<\/span><\/p>\n<p class=\"s5\"><span class=\"s4\"><span class=\"bumpedFont15\">Durante su recorrido por la Unidad Deportiva de La Negreta, espacio recientemente rehabilitado para el disfrute de las familias, el alcalde convivi\u00f3 con las y los integrantes de la Academia de B\u00e9isbol \u201cGuerreros\u201d, a quienes reconoci\u00f3 por su esfuerzo, disciplina y compromiso.<\/span><\/span><\/p>\n<p class=\"s5\"><span class=\"s4\">\u00a0<\/span><\/p>\n<p class=\"s5\"><span class=\"s4\"><span class=\"bumpedFont15\">\u201cMe dio mucho gusto visitar a las Academias de B\u00e9isbol y de F\u00fatbol, que son totalmente gratuitas. Aqu\u00ed tenemos a nuestras ni\u00f1as, ni\u00f1os y adolescentes practicando, entrenando, jugando y realizando actividad deportiva, lo cual me llena de gusto porque est\u00e1n haciendo algo muy positivo para su salud y para sus familias. Eso es lo que buscamos en Pir\u00e1mides: espacios adecuados, gratuitos o a muy bajo costo, para que cada vez m\u00e1s familias puedan disfrutarlos\u201d, destac\u00f3 Chepe Guerrero.<\/span><\/span><\/p>\n<p class=\"s5\"><span class=\"s4\">\u00a0<\/span><\/p>\n<p class=\"s5\"><span class=\"s4\"><span class=\"bumpedFont15\">La Academia de B\u00e9isbol \u201cGuerreros\u201d es una de las principales iniciativas deportivas dentro de la estrategia \u201cPir\u00e1mides\u201d, enfocada en la formaci\u00f3n integral de ni\u00f1as, ni\u00f1os y j\u00f3venes, promoviendo valores como la constancia, el trabajo en equipo y el sentido de pertenencia en el municipio.<\/span><\/span><\/p>\n<p class=\"s5\"><span class=\"s4\">\u00a0<\/span><\/p>\n<p class=\"s5\"><span class=\"s4\"><span class=\"bumpedFont15\">Actualmente, esta academia cuenta con 63 inscritos y ha ampliado su cobertura con la apertura de un nuevo n\u00facleo en la comunidad de Presa de Bravo, acercando m\u00e1s oportunidades deportivas a distintas zonas de Corregidora.<\/span><\/span><\/p>\n<p class=\"s5\"><span class=\"s4\">\u00a0<\/span><\/p>\n<p class=\"s5\"><span class=\"s4\"><span class=\"bumpedFont15\">Las actividades se desarrollan en:<\/span><\/span><\/p>\n<p class=\"s5\"><span class=\"s4\"><span class=\"bumpedFont15\">\u2022 Unidad Deportiva La Negreta: martes y jueves, de 16:00 a 19:00 horas.<\/span><\/span><\/p>\n<p class=\"s5\"><span class=\"s4\"><span class=\"bumpedFont15\">\u2022 Presa de Bravo (nueva apertura): de 16:30 a 18:30 horas.<\/span><\/span><\/p>\n<p class=\"s5\"><span class=\"s4\">\u00a0<\/span><\/p>\n<p class=\"s5\"><span class=\"s4\"><span class=\"bumpedFont15\">Gracias a la calidad t\u00e9cnica y al compromiso de sus entrenadores, la academia ha logrado posicionarse a nivel nacional. Como resultado, cuatro j\u00f3venes talentos han sido seleccionados para representar a Corregidora en la Olimpiada Nacional CONADE 2026, que se lleva a cabo en el estado de Nayarit.<\/span><\/span><\/p>\n","protected":false},"excerpt":{"rendered":"<p>El presidente municipal de Corregidora, Chepe Guerrero, visit\u00f3 a ni\u00f1as, ni\u00f1os y j\u00f3venes que forman parte de las academias de b\u00e9isbol y f\u00fatbol del programa \u201cPir\u00e1mides\u201d, una estrategia 100 por ciento gratuita que impulsa el deporte y el desarrollo integral. \u00a0 Durante su recorrido por la Unidad Deportiva de La Negreta, espacio recientemente rehabilitado para el disfrute de las familias,<\/p>\n<div class=\"h10\"><\/div>\n<p><a class=\"more-link2 flat\" href=\"https:\/\/elconspirador.com.mx\/?p=77652\">Leer m\u00e1s<\/a><\/p>\n","protected":false},"author":1,"featured_media":77653,"comment_status":"open","ping_status":"open","sticky":false,"template":"","format":"standard","meta":{"om_disable_all_campaigns":false,"_uf_show_specific_survey":0,"_uf_disable_surveys":false},"categories":[70],"tags":[],"aioseo_notices":[],"_links":{"self":[{"href":"https:\/\/elconspirador.com.mx\/index.php?rest_route=\/wp\/v2\/posts\/77652"}],"collection":[{"href":"https:\/\/elconspirador.com.mx\/index.php?rest_route=\/wp\/v2\/posts"}],"about":[{"href":"https:\/\/elconspirador.com.mx\/index.php?rest_route=\/wp\/v2\/types\/post"}],"author":[{"embeddable":true,"href":"https:\/\/elconspirador.com.mx\/index.php?rest_route=\/wp\/v2\/users\/1"}],"replies":[{"embeddable":true,"href":"https:\/\/elconspirador.com.mx\/index.php?rest_route=%2Fwp%2Fv2%2Fcomments&post=77652"}],"version-history":[{"count":1,"href":"https:\/\/elconspirador.com.mx\/index.php?rest_route=\/wp\/v2\/posts\/77652\/revisions"}],"predecessor-version":[{"id":77654,"href":"https:\/\/elconspirador.com.mx\/index.php?rest_route=\/wp\/v2\/posts\/77652\/revisions\/77654"}],"wp:featuredmedia":[{"embeddable":true,"href":"https:\/\/elconspirador.com.mx\/index.php?rest_route=\/wp\/v2\/media\/77653"}],"wp:attachment":[{"href":"https:\/\/elconspirador.com.mx\/index.php?rest_route=%2Fwp%2Fv2%2Fmedia&parent=77652"}],"wp:term":[{"taxonomy":"category","embeddable":true,"href":"https:\/\/elconspirador.com.mx\/index.php?rest_route=%2Fwp%2Fv2%2Fcategories&post=77652"},{"taxonomy":"post_tag","embeddable":true,"href":"https:\/\/elconspirador.com.mx\/index.php?rest_route=%2Fwp%2Fv2%2Ftags&post=77652"}],"curies":[{"name":"wp","href":"https:\/\/api.w.org\/{rel}","templated":true}]}}