{"id":77658,"date":"2026-04-29T14:31:53","date_gmt":"2026-04-29T20:31:53","guid":{"rendered":"https:\/\/elconspirador.com.mx\/?p=77658"},"modified":"2026-04-29T14:31:53","modified_gmt":"2026-04-29T20:31:53","slug":"dif-de-corregidora-impulsa-atencion-a-personas-con-discapacidad","status":"publish","type":"post","link":"https:\/\/elconspirador.com.mx\/?p=77658","title":{"rendered":"DIF DE CORREGIDORA IMPULSA ATENCI\u00d3N A PERSONAS CON DISCAPACIDAD"},"content":{"rendered":"<p class=\"s5\"><span class=\"s4\"><span class=\"bumpedFont15\">El Sistema Municipal DIF de Corregidora dio a conocer los servicios que brinda a las personas que cuentan con discapacidad motora, intelectual o sensorial, con el objetivo de coadyuvar y facilitar su d\u00eda a d\u00eda a trav\u00e9s de terapias f\u00edsicas con traslados especiales, apoyos econ\u00f3micos y documentaci\u00f3n oficial. <\/span><\/span><\/p>\n<p class=\"s5\"><span class=\"s4\">\u00a0<\/span><\/p>\n<p class=\"s5\"><span class=\"s4\"><span class=\"bumpedFont15\">A trav\u00e9s de la Unidad B\u00e1sica<\/span><\/span><span class=\"s4\"><span class=\"bumpedFont15\"> de Rehabilitaci\u00f3n (UBR) se han impartido m\u00e1s de 2 mil <\/span><\/span><span class=\"s4\"><span class=\"bumpedFont15\">700 terapias f\u00edsicas y 941 terapias<\/span><\/span><span class=\"s4\"><span class=\"bumpedFont15\"> de lenguaje durante la actual A<\/span><\/span><span class=\"s4\"><span class=\"bumpedFont15\">dministraci\u00f3n, as\u00ed como cerca de 300 traslados con transporte especializado a personas con problemas de movilidad que asisten a sus sesiones. <\/span><\/span><\/p>\n<p class=\"s5\"><span class=\"s4\">\u00a0<\/span><\/p>\n<p class=\"s5\"><span class=\"s4\"><span class=\"bumpedFont15\">Asimismo, por medio de la Coordinaci\u00f3n de Accesibilidad e Inclusi\u00f3n de Personas con Discapacidad, 627 personas con discapacidad reciben un apoyo econ\u00f3mico semestral, adem\u00e1s de haber entregado 420 tarjetones de estacionamiento exclusivos, con la finalidad de facilitar su movilidad y autonom\u00eda. <\/span><\/span><\/p>\n<p class=\"s5\"><span class=\"s4\">\u00a0<\/span><\/p>\n<p class=\"s5\"><span class=\"s4\"><span class=\"bumpedFont15\">La presidenta del Patronato del Sistema Municipal DIF Corregidora, Gaby Tr\u00e1pala, reiter\u00f3 su compromiso, no solo para <\/span><\/span><span class=\"s4\"><span class=\"bumpedFont15\">apoyar<\/span><\/span><span class=\"s4\"><span class=\"bumpedFont15\"> a las personas con discapacidad, tambi\u00e9n para visibilizar su resiliencia, valent\u00eda y determinaci\u00f3n, y as\u00ed, facilitar su d\u00eda a d\u00eda en la sociedad. <\/span><\/span><\/p>\n<p class=\"s5\"><span class=\"s4\">\u00a0<\/span><\/p>\n<p class=\"s5\"><span class=\"s4\"><span class=\"bumpedFont15\">\u201cDesde el DIF Municipal de Corregidora,<\/span><\/span> <span class=\"s4\"><span class=\"bumpedFont15\">trabajamos con humanismo, colocando a las personas en el centro de toda pol\u00edtica p\u00fablica, con la finalidad de impactar de manera positiva sus vidas y las de sus familias. Con empat\u00eda, compromiso y equidad avanzamos A Paso Firme\u201d, coment\u00f3. <\/span><\/span><\/p>\n<p class=\"s5\"><span class=\"s4\">\u00a0<\/span><\/p>\n<p class=\"s5\"><span class=\"s4\"><span class=\"bumpedFont15\">Cabe se\u00f1alar que el DIF Corregidora valida de manera constante la documentaci\u00f3n recibida, con el objetivo de asegurar que los apoyos lleguen exclusivamente a residente<\/span><\/span><span class=\"s4\"><span class=\"bumpedFont15\">s<\/span><\/span><span class=\"s4\"><span class=\"bumpedFont15\"> del municipio con documentos actualizados.<\/span><\/span><\/p>\n","protected":false},"excerpt":{"rendered":"<p>El Sistema Municipal DIF de Corregidora dio a conocer los servicios que brinda a las personas que cuentan con discapacidad motora, intelectual o sensorial, con el objetivo de coadyuvar y facilitar su d\u00eda a d\u00eda a trav\u00e9s de terapias f\u00edsicas con traslados especiales, apoyos econ\u00f3micos y documentaci\u00f3n oficial. \u00a0 A trav\u00e9s de la Unidad B\u00e1sica de Rehabilitaci\u00f3n (UBR) se han<\/p>\n<div class=\"h10\"><\/div>\n<p><a class=\"more-link2 flat\" href=\"https:\/\/elconspirador.com.mx\/?p=77658\">Leer m\u00e1s<\/a><\/p>\n","protected":false},"author":1,"featured_media":77659,"comment_status":"open","ping_status":"open","sticky":false,"template":"","format":"standard","meta":{"om_disable_all_campaigns":false,"_uf_show_specific_survey":0,"_uf_disable_surveys":false},"categories":[1],"tags":[],"aioseo_notices":[],"_links":{"self":[{"href":"https:\/\/elconspirador.com.mx\/index.php?rest_route=\/wp\/v2\/posts\/77658"}],"collection":[{"href":"https:\/\/elconspirador.com.mx\/index.php?rest_route=\/wp\/v2\/posts"}],"about":[{"href":"https:\/\/elconspirador.com.mx\/index.php?rest_route=\/wp\/v2\/types\/post"}],"author":[{"embeddable":true,"href":"https:\/\/elconspirador.com.mx\/index.php?rest_route=\/wp\/v2\/users\/1"}],"replies":[{"embeddable":true,"href":"https:\/\/elconspirador.com.mx\/index.php?rest_route=%2Fwp%2Fv2%2Fcomments&post=77658"}],"version-history":[{"count":1,"href":"https:\/\/elconspirador.com.mx\/index.php?rest_route=\/wp\/v2\/posts\/77658\/revisions"}],"predecessor-version":[{"id":77660,"href":"https:\/\/elconspirador.com.mx\/index.php?rest_route=\/wp\/v2\/posts\/77658\/revisions\/77660"}],"wp:featuredmedia":[{"embeddable":true,"href":"https:\/\/elconspirador.com.mx\/index.php?rest_route=\/wp\/v2\/media\/77659"}],"wp:attachment":[{"href":"https:\/\/elconspirador.com.mx\/index.php?rest_route=%2Fwp%2Fv2%2Fmedia&parent=77658"}],"wp:term":[{"taxonomy":"category","embeddable":true,"href":"https:\/\/elconspirador.com.mx\/index.php?rest_route=%2Fwp%2Fv2%2Fcategories&post=77658"},{"taxonomy":"post_tag","embeddable":true,"href":"https:\/\/elconspirador.com.mx\/index.php?rest_route=%2Fwp%2Fv2%2Ftags&post=77658"}],"curies":[{"name":"wp","href":"https:\/\/api.w.org\/{rel}","templated":true}]}}