{"id":77664,"date":"2026-04-28T20:59:21","date_gmt":"2026-04-29T02:59:21","guid":{"rendered":"https:\/\/elconspirador.com.mx\/?p=77664"},"modified":"2026-04-28T20:59:21","modified_gmt":"2026-04-29T02:59:21","slug":"habra-transporte-gratuito-para-comunidades-extranjeras-2","status":"publish","type":"post","link":"https:\/\/elconspirador.com.mx\/?p=77664","title":{"rendered":"HABR\u00c1 TRANSPORTE GRATUITO PARA COMUNIDADES EXTRANJERAS"},"content":{"rendered":"<p>El presidente municipal de Quer\u00e9taro, Felifer Mac\u00edas, anunci\u00f3 el operativo de movilidad para el Festival de Comunidades Extranjeras en su edici\u00f3n f\u00fatbol, que se llevar\u00e1 a cabo del 30 de abril al 3 de mayo en el Parque Bicentenario, con transporte gratuito y rutas dise\u00f1adas para facilitar la llegada de las familias.<\/p>\n<p>\u201cEste jueves, 30 de abril, arranca el festival m\u00e1s grande y m\u00e1s bonito de la ciudad de Quer\u00e9taro, el festival de comunidades extranjeras, esta vez edici\u00f3n futbolista, con motivo del mundial de f\u00fatbol que se va a desarrollar en nuestro pa\u00eds. Disfruta el d\u00eda de las ni\u00f1as y de los ni\u00f1os este treinta de abril en el Parque Bicentenario\u201d, coment\u00f3.<\/p>\n<p>El alcalde inform\u00f3 que el Municipio de Quer\u00e9taro en coordinaci\u00f3n con la Agencia de Movilidad del Estado de Quer\u00e9taro pondr\u00e1n a disposici\u00f3n transporte gratuito del 30 de abril al 3 de mayo, en un horario de 11:00 a 23:00 horas, para que m\u00e1s familias puedan acudir y disfrutar de este encuentro internacional.<\/p>\n<p>El director de la Agencia de Movilidad del Estado de Quer\u00e9taro (AMEQ), Gerardo Cuanalo, inform\u00f3 que el operativo contempla rutas principales hacia el Parque Bicentenario. Una partir\u00e1 del Centro Educativo G\u00f3mez Mor\u00edn y otra desde el mercado de Santa Rosa J\u00e1uregui, ambas con salidas cada 20 minutos. Tambi\u00e9n se contar\u00e1 con la conexi\u00f3n de rutas de Qrob\u00fas: C-66, C-69, C-70 y T-08.<\/p>\n<p>El secretario de Movilidad, Pedro \u00c1ngeles, se\u00f1al\u00f3 que el dispositivo incluye un circuito interno de transporte dentro del Parque Bicentenario, con el objetivo de facilitar los traslados al interior del recinto y mejorar la experiencia de las familias durante su visita.<\/p>\n<p>El Festival de Comunidades Extranjeras reunir\u00e1 a m\u00e1s de 90 pa\u00edses con actividades culturales, deportivas y gastron\u00f3micas, en un ambiente que fortalece la convivencia familiar y el intercambio entre culturas.<\/p>\n","protected":false},"excerpt":{"rendered":"<p>El presidente municipal de Quer\u00e9taro, Felifer Mac\u00edas, anunci\u00f3 el operativo de movilidad para el Festival de Comunidades Extranjeras en su edici\u00f3n f\u00fatbol, que se llevar\u00e1 a cabo del 30 de abril al 3 de mayo en el Parque Bicentenario, con transporte gratuito y rutas dise\u00f1adas para facilitar la llegada de las familias. \u201cEste jueves, 30 de abril, arranca el festival<\/p>\n<div class=\"h10\"><\/div>\n<p><a class=\"more-link2 flat\" href=\"https:\/\/elconspirador.com.mx\/?p=77664\">Leer m\u00e1s<\/a><\/p>\n","protected":false},"author":1,"featured_media":77665,"comment_status":"open","ping_status":"open","sticky":false,"template":"","format":"standard","meta":{"om_disable_all_campaigns":false,"_uf_show_specific_survey":0,"_uf_disable_surveys":false},"categories":[1],"tags":[],"aioseo_notices":[],"_links":{"self":[{"href":"https:\/\/elconspirador.com.mx\/index.php?rest_route=\/wp\/v2\/posts\/77664"}],"collection":[{"href":"https:\/\/elconspirador.com.mx\/index.php?rest_route=\/wp\/v2\/posts"}],"about":[{"href":"https:\/\/elconspirador.com.mx\/index.php?rest_route=\/wp\/v2\/types\/post"}],"author":[{"embeddable":true,"href":"https:\/\/elconspirador.com.mx\/index.php?rest_route=\/wp\/v2\/users\/1"}],"replies":[{"embeddable":true,"href":"https:\/\/elconspirador.com.mx\/index.php?rest_route=%2Fwp%2Fv2%2Fcomments&post=77664"}],"version-history":[{"count":1,"href":"https:\/\/elconspirador.com.mx\/index.php?rest_route=\/wp\/v2\/posts\/77664\/revisions"}],"predecessor-version":[{"id":77666,"href":"https:\/\/elconspirador.com.mx\/index.php?rest_route=\/wp\/v2\/posts\/77664\/revisions\/77666"}],"wp:featuredmedia":[{"embeddable":true,"href":"https:\/\/elconspirador.com.mx\/index.php?rest_route=\/wp\/v2\/media\/77665"}],"wp:attachment":[{"href":"https:\/\/elconspirador.com.mx\/index.php?rest_route=%2Fwp%2Fv2%2Fmedia&parent=77664"}],"wp:term":[{"taxonomy":"category","embeddable":true,"href":"https:\/\/elconspirador.com.mx\/index.php?rest_route=%2Fwp%2Fv2%2Fcategories&post=77664"},{"taxonomy":"post_tag","embeddable":true,"href":"https:\/\/elconspirador.com.mx\/index.php?rest_route=%2Fwp%2Fv2%2Ftags&post=77664"}],"curies":[{"name":"wp","href":"https:\/\/api.w.org\/{rel}","templated":true}]}}