{"id":77680,"date":"2026-04-29T16:20:47","date_gmt":"2026-04-29T22:20:47","guid":{"rendered":"https:\/\/elconspirador.com.mx\/?p=77680"},"modified":"2026-04-29T16:20:49","modified_gmt":"2026-04-29T22:20:49","slug":"trasladan-a-lesionado-de-accidente-a-la-cdmx","status":"publish","type":"post","link":"https:\/\/elconspirador.com.mx\/?p=77680","title":{"rendered":"TRASLADAN A LESIONADO DE ACCIDENTE A LA CDMX"},"content":{"rendered":"<p>El secretario de Gobierno, Eric Gudi\u00f1o Torres, confirm\u00f3 que uno de los pacientes lesionados tras el accidente ocurrido en La Muralla fue trasladado a la Ciudad de M\u00e9xico para recibir atenci\u00f3n m\u00e9dica especializada, debido a la gravedad de sus lesiones.<\/p>\n<p>El funcionario estatal detall\u00f3 que el paciente fue enviado en helic\u00f3ptero desde el Hospital General del Instituto Mexicano del Seguro Social hacia el Hospital de Lomas Verdes, mientras otras cinco personas permanecen hospitalizadas en condici\u00f3n moderada.<\/p>\n<p>\u201cSiguen hospitalizadas cinco personas en estado moderado y el d\u00eda de ayer por la ma\u00f1ana se traslad\u00f3 a un paciente que estaba en estado grave en el Hospital General del IMSS al Hospital de Lomas Verdes\u201d.<\/p>\n<p>Gudi\u00f1o Torres se\u00f1al\u00f3 que el gobierno estatal mantiene comunicaci\u00f3n con los familiares de las v\u00edctimas para brindarles apoyo jur\u00eddico y acompa\u00f1amiento en el proceso de reparaci\u00f3n del da\u00f1o por parte de la empresa transportista involucrada en el accidente.<\/p>\n<p>\u201cEstaremos pendientes de cualquier situaci\u00f3n que se pueda generar, referente a la medida que implement\u00f3 el juez en d\u00edas pasados; esper\u00e1bamos que la Fiscal\u00eda pudiera solicitar el cambio de la medida preventiva\u201d.<\/p>\n<p>El secretario de Gobierno reiter\u00f3 que las autoridades continuar\u00e1n dando seguimiento tanto al estado de salud de los lesionados como al proceso legal derivado del accidente.<\/p>\n","protected":false},"excerpt":{"rendered":"<p>El secretario de Gobierno, Eric Gudi\u00f1o Torres, confirm\u00f3 que uno de los pacientes lesionados tras el accidente ocurrido en La Muralla fue trasladado a la Ciudad de M\u00e9xico para recibir atenci\u00f3n m\u00e9dica especializada, debido a la gravedad de sus lesiones. El funcionario estatal detall\u00f3 que el paciente fue enviado en helic\u00f3ptero desde el Hospital General del Instituto Mexicano del Seguro<\/p>\n<div class=\"h10\"><\/div>\n<p><a class=\"more-link2 flat\" href=\"https:\/\/elconspirador.com.mx\/?p=77680\">Leer m\u00e1s<\/a><\/p>\n","protected":false},"author":1,"featured_media":77681,"comment_status":"open","ping_status":"open","sticky":false,"template":"","format":"standard","meta":{"om_disable_all_campaigns":false,"_uf_show_specific_survey":0,"_uf_disable_surveys":false},"categories":[1],"tags":[],"aioseo_notices":[],"_links":{"self":[{"href":"https:\/\/elconspirador.com.mx\/index.php?rest_route=\/wp\/v2\/posts\/77680"}],"collection":[{"href":"https:\/\/elconspirador.com.mx\/index.php?rest_route=\/wp\/v2\/posts"}],"about":[{"href":"https:\/\/elconspirador.com.mx\/index.php?rest_route=\/wp\/v2\/types\/post"}],"author":[{"embeddable":true,"href":"https:\/\/elconspirador.com.mx\/index.php?rest_route=\/wp\/v2\/users\/1"}],"replies":[{"embeddable":true,"href":"https:\/\/elconspirador.com.mx\/index.php?rest_route=%2Fwp%2Fv2%2Fcomments&post=77680"}],"version-history":[{"count":1,"href":"https:\/\/elconspirador.com.mx\/index.php?rest_route=\/wp\/v2\/posts\/77680\/revisions"}],"predecessor-version":[{"id":77682,"href":"https:\/\/elconspirador.com.mx\/index.php?rest_route=\/wp\/v2\/posts\/77680\/revisions\/77682"}],"wp:featuredmedia":[{"embeddable":true,"href":"https:\/\/elconspirador.com.mx\/index.php?rest_route=\/wp\/v2\/media\/77681"}],"wp:attachment":[{"href":"https:\/\/elconspirador.com.mx\/index.php?rest_route=%2Fwp%2Fv2%2Fmedia&parent=77680"}],"wp:term":[{"taxonomy":"category","embeddable":true,"href":"https:\/\/elconspirador.com.mx\/index.php?rest_route=%2Fwp%2Fv2%2Fcategories&post=77680"},{"taxonomy":"post_tag","embeddable":true,"href":"https:\/\/elconspirador.com.mx\/index.php?rest_route=%2Fwp%2Fv2%2Ftags&post=77680"}],"curies":[{"name":"wp","href":"https:\/\/api.w.org\/{rel}","templated":true}]}}