{"id":77700,"date":"2026-04-30T07:46:15","date_gmt":"2026-04-30T13:46:15","guid":{"rendered":"https:\/\/elconspirador.com.mx\/?p=77700"},"modified":"2026-04-30T07:46:15","modified_gmt":"2026-04-30T13:46:15","slug":"realiza-el-marques-exposicion-en-favor-de-la-ninez","status":"publish","type":"post","link":"https:\/\/elconspirador.com.mx\/?p=77700","title":{"rendered":"REALIZA EL MARQU\u00c9S EXPOSICI\u00d3N EN FAVOR DE LA NI\u00d1EZ"},"content":{"rendered":"<p>El presidente municipal de El Marqu\u00e9s, Rodrigo Monsalvo Castel\u00e1n, encabez\u00f3 la exposici\u00f3n \u201cEl Marqu\u00e9s de mis sue\u00f1os\u201d, un evento impulsado por la regidora Jazm\u00edn Olvera, a trav\u00e9s de la Comisi\u00f3n de Asuntos de la Ni\u00f1ez, con el objetivo de reconocer a las ni\u00f1as y los ni\u00f1os como participantes activos en la vida comunitaria.<\/p>\n<p>La exposici\u00f3n, realizada en el Casco del Centro de Atenci\u00f3n Municipal, reuni\u00f3 a 10 ni\u00f1as y ni\u00f1os en edad preescolar provenientes de ocho planteles p\u00fablicos del municipio, quienes, a trav\u00e9s de sus dibujos, compartieron c\u00f3mo imaginan, viven y sue\u00f1an El Marqu\u00e9s, reflejando su visi\u00f3n de comunidades como Amazcala, Pocitos, Palo Alto y Saldarriaga.<\/p>\n<p>En su mensaje, el alcalde Rodrigo Monsalvo felicit\u00f3 a las y los participantes por su talento y creatividad, al se\u00f1alar que este tipo de actividades permiten conocer sus sue\u00f1os, emociones y perspectivas a trav\u00e9s del arte. Adem\u00e1s, los invit\u00f3 a seguir expres\u00e1ndose, creciendo y so\u00f1ando en grande.<\/p>\n<p>\u201cEstoy muy contento de tener a tanto artista aqu\u00ed en el municipio de de ver c\u00f3mo se expresan. C\u00f3mo a trav\u00e9s del dibujo nos ponen todos sus sue\u00f1os, todo lo que se imaginan, todo lo que sienten y eso nos da mucho gusto que siempre se expresen. Yo los invito a que nunca dejen de so\u00f1ar, de expresarse y de crecer y que sigan con este gran arte del dibujo. Los felicito y les deseo un excelente d\u00eda del ni\u00f1o.\u201d<\/p>\n<p>Durante su intervenci\u00f3n, la regidora Jazm\u00edn Olvera destac\u00f3 la importancia de generar espacios que permitan visibilizar la voz de la primera infancia, as\u00ed como el acompa\u00f1amiento de las familias en esta etapa fundamental. Asimismo, agradeci\u00f3 la presencia del presidente municipal, integrantes del cabildo y del gabinete, al tiempo que reconoci\u00f3 el valor de fomentar entornos seguros y de expresi\u00f3n para las ni\u00f1as y los ni\u00f1os.<\/p>\n<p>Con este tipo de iniciativas, el Municipio de El Marqu\u00e9s refrenda su compromiso de impulsar acciones que promuevan la participaci\u00f3n, el desarrollo integral y el bienestar de la ni\u00f1ez, reconociendo su papel fundamental en la construcci\u00f3n de una mejor sociedad.<\/p>\n","protected":false},"excerpt":{"rendered":"<p>El presidente municipal de El Marqu\u00e9s, Rodrigo Monsalvo Castel\u00e1n, encabez\u00f3 la exposici\u00f3n \u201cEl Marqu\u00e9s de mis sue\u00f1os\u201d, un evento impulsado por la regidora Jazm\u00edn Olvera, a trav\u00e9s de la Comisi\u00f3n de Asuntos de la Ni\u00f1ez, con el objetivo de reconocer a las ni\u00f1as y los ni\u00f1os como participantes activos en la vida comunitaria. La exposici\u00f3n, realizada en el Casco del<\/p>\n<div class=\"h10\"><\/div>\n<p><a class=\"more-link2 flat\" href=\"https:\/\/elconspirador.com.mx\/?p=77700\">Leer m\u00e1s<\/a><\/p>\n","protected":false},"author":1,"featured_media":77702,"comment_status":"open","ping_status":"open","sticky":false,"template":"","format":"standard","meta":{"om_disable_all_campaigns":false,"_uf_show_specific_survey":0,"_uf_disable_surveys":false},"categories":[1],"tags":[],"aioseo_notices":[],"_links":{"self":[{"href":"https:\/\/elconspirador.com.mx\/index.php?rest_route=\/wp\/v2\/posts\/77700"}],"collection":[{"href":"https:\/\/elconspirador.com.mx\/index.php?rest_route=\/wp\/v2\/posts"}],"about":[{"href":"https:\/\/elconspirador.com.mx\/index.php?rest_route=\/wp\/v2\/types\/post"}],"author":[{"embeddable":true,"href":"https:\/\/elconspirador.com.mx\/index.php?rest_route=\/wp\/v2\/users\/1"}],"replies":[{"embeddable":true,"href":"https:\/\/elconspirador.com.mx\/index.php?rest_route=%2Fwp%2Fv2%2Fcomments&post=77700"}],"version-history":[{"count":1,"href":"https:\/\/elconspirador.com.mx\/index.php?rest_route=\/wp\/v2\/posts\/77700\/revisions"}],"predecessor-version":[{"id":77701,"href":"https:\/\/elconspirador.com.mx\/index.php?rest_route=\/wp\/v2\/posts\/77700\/revisions\/77701"}],"wp:featuredmedia":[{"embeddable":true,"href":"https:\/\/elconspirador.com.mx\/index.php?rest_route=\/wp\/v2\/media\/77702"}],"wp:attachment":[{"href":"https:\/\/elconspirador.com.mx\/index.php?rest_route=%2Fwp%2Fv2%2Fmedia&parent=77700"}],"wp:term":[{"taxonomy":"category","embeddable":true,"href":"https:\/\/elconspirador.com.mx\/index.php?rest_route=%2Fwp%2Fv2%2Fcategories&post=77700"},{"taxonomy":"post_tag","embeddable":true,"href":"https:\/\/elconspirador.com.mx\/index.php?rest_route=%2Fwp%2Fv2%2Ftags&post=77700"}],"curies":[{"name":"wp","href":"https:\/\/api.w.org\/{rel}","templated":true}]}}