{"id":77703,"date":"2026-04-29T13:40:22","date_gmt":"2026-04-29T19:40:22","guid":{"rendered":"https:\/\/elconspirador.com.mx\/?p=77703"},"modified":"2026-04-29T13:40:22","modified_gmt":"2026-04-29T19:40:22","slug":"ee-uu-acusa-a-gobernador-de-morena-es-acusado-por-narcotrafico","status":"publish","type":"post","link":"https:\/\/elconspirador.com.mx\/?p=77703","title":{"rendered":"EE.UU. ACUSA A GOBERNADOR DE MORENA ES ACUSADO POR NARCOTR\u00c1FICO"},"content":{"rendered":"<p>La Fiscal\u00eda del Distrito Sur de Nueva York dio a conocer este 29 de abril una acusaci\u00f3n formal contra el gobernador de Sinaloa, Rub\u00e9n Rocha Moya, y otros nueve funcionarios actuales y anteriores, a quienes se\u00f1ala por presuntos delitos de narcotr\u00e1fico y uso de armas. Entre los implicados se encuentran el presidente municipal de Culiac\u00e1n, un senador y mandos de seguridad p\u00fablica.<\/p>\n<p>De acuerdo con el comunicado del Departamento de Justicia de Estados Unidos, los acusados habr\u00edan conspirado con l\u00edderes del C\u00e1rtel de Sinaloa para introducir grandes cantidades de drogas a territorio estadounidense a cambio de apoyo pol\u00edtico y sobornos.<\/p>\n<p>La acusaci\u00f3n, presentada ante una corte federal en Nueva York, incluye cargos por tr\u00e1fico de narc\u00f3ticos y delitos relacionados con armas. En uno de los casos, tambi\u00e9n se imputan delitos adicionales por secuestro que derivaron en la muerte de una fuente de la DEA y un familiar.<\/p>\n<p>Seg\u00fan las autoridades estadounidenses, los se\u00f1alados ocupaban cargos de alto nivel en el gobierno y en corporaciones de seguridad en Sinaloa, lo que presuntamente habr\u00eda facilitado la operaci\u00f3n del grupo criminal durante varios a\u00f1os.<\/p>\n<p>El fiscal federal Jay Clayton indic\u00f3 que el C\u00e1rtel de Sinaloa ha introducido drogas de manera sistem\u00e1tica en Estados Unidos, y sostuvo que la investigaci\u00f3n busca responsabilizar a funcionarios que, presuntamente, colaboraron con esa organizaci\u00f3n.<\/p>\n<p>La acusaci\u00f3n fue desclasificada este mi\u00e9rcoles y el caso qued\u00f3 asignado a una jueza federal en Nueva York. Hasta el momento, las autoridades mexicanas no han informado sobre acciones derivadas de estos se\u00f1alamientos.<\/p>\n","protected":false},"excerpt":{"rendered":"<p>La Fiscal\u00eda del Distrito Sur de Nueva York dio a conocer este 29 de abril una acusaci\u00f3n formal contra el gobernador de Sinaloa, Rub\u00e9n Rocha Moya, y otros nueve funcionarios actuales y anteriores, a quienes se\u00f1ala por presuntos delitos de narcotr\u00e1fico y uso de armas. Entre los implicados se encuentran el presidente municipal de Culiac\u00e1n, un senador y mandos de<\/p>\n<div class=\"h10\"><\/div>\n<p><a class=\"more-link2 flat\" href=\"https:\/\/elconspirador.com.mx\/?p=77703\">Leer m\u00e1s<\/a><\/p>\n","protected":false},"author":1,"featured_media":77704,"comment_status":"open","ping_status":"open","sticky":false,"template":"","format":"standard","meta":{"om_disable_all_campaigns":false,"_uf_show_specific_survey":0,"_uf_disable_surveys":false},"categories":[69],"tags":[],"aioseo_notices":[],"_links":{"self":[{"href":"https:\/\/elconspirador.com.mx\/index.php?rest_route=\/wp\/v2\/posts\/77703"}],"collection":[{"href":"https:\/\/elconspirador.com.mx\/index.php?rest_route=\/wp\/v2\/posts"}],"about":[{"href":"https:\/\/elconspirador.com.mx\/index.php?rest_route=\/wp\/v2\/types\/post"}],"author":[{"embeddable":true,"href":"https:\/\/elconspirador.com.mx\/index.php?rest_route=\/wp\/v2\/users\/1"}],"replies":[{"embeddable":true,"href":"https:\/\/elconspirador.com.mx\/index.php?rest_route=%2Fwp%2Fv2%2Fcomments&post=77703"}],"version-history":[{"count":1,"href":"https:\/\/elconspirador.com.mx\/index.php?rest_route=\/wp\/v2\/posts\/77703\/revisions"}],"predecessor-version":[{"id":77705,"href":"https:\/\/elconspirador.com.mx\/index.php?rest_route=\/wp\/v2\/posts\/77703\/revisions\/77705"}],"wp:featuredmedia":[{"embeddable":true,"href":"https:\/\/elconspirador.com.mx\/index.php?rest_route=\/wp\/v2\/media\/77704"}],"wp:attachment":[{"href":"https:\/\/elconspirador.com.mx\/index.php?rest_route=%2Fwp%2Fv2%2Fmedia&parent=77703"}],"wp:term":[{"taxonomy":"category","embeddable":true,"href":"https:\/\/elconspirador.com.mx\/index.php?rest_route=%2Fwp%2Fv2%2Fcategories&post=77703"},{"taxonomy":"post_tag","embeddable":true,"href":"https:\/\/elconspirador.com.mx\/index.php?rest_route=%2Fwp%2Fv2%2Ftags&post=77703"}],"curies":[{"name":"wp","href":"https:\/\/api.w.org\/{rel}","templated":true}]}}