{"id":77706,"date":"2026-04-30T15:48:26","date_gmt":"2026-04-30T21:48:26","guid":{"rendered":"https:\/\/elconspirador.com.mx\/?p=77706"},"modified":"2026-04-30T15:48:26","modified_gmt":"2026-04-30T21:48:26","slug":"meson-de-santa-rosa-reabrira-hasta-septiembre","status":"publish","type":"post","link":"https:\/\/elconspirador.com.mx\/?p=77706","title":{"rendered":"MES\u00d3N DE SANTA ROSA REABRIR\u00c1 HASTA SEPTIEMBRE"},"content":{"rendered":"<p>La oficial mayor del gobierno estatal, Linda Luna Rangel, confirm\u00f3 que el Mes\u00f3n de Santa Rosa reabrir\u00e1 sus puertas en un plazo aproximado de cuatro meses, luego de permanecer cerrado debido a retrasos en el pago de rentas y trabajos de rehabilitaci\u00f3n.<\/p>\n<p>La funcionaria explic\u00f3 que desde el inicio de la actual administraci\u00f3n el inmueble ya se encontraba sin operar, debido a las afectaciones derivadas de la pandemia, por lo que se establecieron acuerdos con los anteriores administradores para regularizar la situaci\u00f3n.<\/p>\n<p>\u201cTenemos muy buena relaci\u00f3n con los anteriores administradores. Desde que nosotros llegamos era un inmueble que estaba cerrado por pandemia. Nosotros, al final del d\u00eda, llegamos a un acuerdo porque deb\u00edan algunas rentas, algunas cuotas; llegamos a un acuerdo para que ellos pudieran reabrir. Llegamos tambi\u00e9n a un tema de rehabilitaci\u00f3n\u201d.<\/p>\n<p>Luna Rangel detall\u00f3 que, tras los retrasos en los pagos, el gobierno estatal decidi\u00f3 integrar el inmueble a un paquete de hoteles que ser\u00e1n operados por un nuevo empresario, con el objetivo de mejorar sus instalaciones y servicios.<\/p>\n<p>\u201cEse es el mismo paquete de los cuatro hoteles: Conc\u00e1, Amealco, Amealco Centro y Jalpan. Es el mismo, todos entraron en este paquete. Intervenimos para que tengan mejor ambientaci\u00f3n de todo, mejores habitaciones, mejores servicios, el tema de restaurante, de bebidas. Son inmuebles a los que hay que meterles\u201d.<\/p>\n<p>La oficial mayor destac\u00f3 que el Mes\u00f3n de Santa Rosa es uno de los inmuebles hist\u00f3ricos m\u00e1s antiguos de la zona, por lo que actualmente se realizan inversiones para su rehabilitaci\u00f3n y modernizaci\u00f3n.<\/p>\n<p>Asimismo, aclar\u00f3 que la administraci\u00f3n anterior no dej\u00f3 adeudos pendientes, ya que el contrato concluy\u00f3 de manera satisfactoria entre ambas partes.<\/p>\n","protected":false},"excerpt":{"rendered":"<p>La oficial mayor del gobierno estatal, Linda Luna Rangel, confirm\u00f3 que el Mes\u00f3n de Santa Rosa reabrir\u00e1 sus puertas en un plazo aproximado de cuatro meses, luego de permanecer cerrado debido a retrasos en el pago de rentas y trabajos de rehabilitaci\u00f3n. La funcionaria explic\u00f3 que desde el inicio de la actual administraci\u00f3n el inmueble ya se encontraba sin operar,<\/p>\n<div class=\"h10\"><\/div>\n<p><a class=\"more-link2 flat\" href=\"https:\/\/elconspirador.com.mx\/?p=77706\">Leer m\u00e1s<\/a><\/p>\n","protected":false},"author":1,"featured_media":77707,"comment_status":"open","ping_status":"open","sticky":false,"template":"","format":"standard","meta":{"om_disable_all_campaigns":false,"_uf_show_specific_survey":0,"_uf_disable_surveys":false},"categories":[1],"tags":[],"aioseo_notices":[],"_links":{"self":[{"href":"https:\/\/elconspirador.com.mx\/index.php?rest_route=\/wp\/v2\/posts\/77706"}],"collection":[{"href":"https:\/\/elconspirador.com.mx\/index.php?rest_route=\/wp\/v2\/posts"}],"about":[{"href":"https:\/\/elconspirador.com.mx\/index.php?rest_route=\/wp\/v2\/types\/post"}],"author":[{"embeddable":true,"href":"https:\/\/elconspirador.com.mx\/index.php?rest_route=\/wp\/v2\/users\/1"}],"replies":[{"embeddable":true,"href":"https:\/\/elconspirador.com.mx\/index.php?rest_route=%2Fwp%2Fv2%2Fcomments&post=77706"}],"version-history":[{"count":1,"href":"https:\/\/elconspirador.com.mx\/index.php?rest_route=\/wp\/v2\/posts\/77706\/revisions"}],"predecessor-version":[{"id":77708,"href":"https:\/\/elconspirador.com.mx\/index.php?rest_route=\/wp\/v2\/posts\/77706\/revisions\/77708"}],"wp:featuredmedia":[{"embeddable":true,"href":"https:\/\/elconspirador.com.mx\/index.php?rest_route=\/wp\/v2\/media\/77707"}],"wp:attachment":[{"href":"https:\/\/elconspirador.com.mx\/index.php?rest_route=%2Fwp%2Fv2%2Fmedia&parent=77706"}],"wp:term":[{"taxonomy":"category","embeddable":true,"href":"https:\/\/elconspirador.com.mx\/index.php?rest_route=%2Fwp%2Fv2%2Fcategories&post=77706"},{"taxonomy":"post_tag","embeddable":true,"href":"https:\/\/elconspirador.com.mx\/index.php?rest_route=%2Fwp%2Fv2%2Ftags&post=77706"}],"curies":[{"name":"wp","href":"https:\/\/api.w.org\/{rel}","templated":true}]}}