{"id":77709,"date":"2026-04-29T18:40:51","date_gmt":"2026-04-30T00:40:51","guid":{"rendered":"https:\/\/elconspirador.com.mx\/?p=77709"},"modified":"2026-04-29T18:40:51","modified_gmt":"2026-04-30T00:40:51","slug":"la-capital-ya-tiene-comision-de-comercio-artesanal","status":"publish","type":"post","link":"https:\/\/elconspirador.com.mx\/?p=77709","title":{"rendered":"LA CAPITAL YA TIENE COMISION DE COMERCIO ARTESANAL"},"content":{"rendered":"<p>El Municipio de Quer\u00e9taro instal\u00f3 la Comisi\u00f3n Municipal de Comercio Artesanal y Tur\u00edstico como resultado del ejercicio de participaci\u00f3n \u201cDi\u00e1logo Ciudadano: Comercio Artesanal en el Centro Hist\u00f3rico\u201d, realizado el pasado 15 de abril, este \u00f3rgano marca el inicio de una ruta orientada a la construcci\u00f3n de acuerdos, el orden en la actividad comercial y la generaci\u00f3n de condiciones de equidad.<\/p>\n<p>El secretario de Gobierno, Michel Torres Olgu\u00edn, exhort\u00f3 a los integrantes de la Comisi\u00f3n a establecer acuerdos con quienes ejercen el comercio en v\u00eda p\u00fablica, bajo un enfoque de orden, respeto y legalidad, con el objetivo de garantizar una convivencia arm\u00f3nica y el cumplimiento de la normatividad.<\/p>\n<p>La Comisi\u00f3n establece como ejes de trabajo el seguimiento de acuerdos, la emisi\u00f3n de informes p\u00fablicos y la capacidad de incidir en la pol\u00edtica p\u00fablica en materia de comercio artesanal y tur\u00edstico. Con ello, el Municipio de Quer\u00e9taro fortalece los mecanismos de di\u00e1logo y organizaci\u00f3n en el Centro Hist\u00f3rico.<\/p>\n<p>La Comisi\u00f3n se integra por Miguel \u00c1ngel Torres Olgu\u00edn, secretario de Gobierno, quien la preside; Beatriz Guadalupe Marmolejo Rojas, secretaria de Planeaci\u00f3n y Participaci\u00f3n Ciudadana; Alejandro Garc\u00eda Doguim, director de Gobernaci\u00f3n de la Secretar\u00eda de Gobierno; C\u00e9sar Zafra Urbina, representante de la Confederaci\u00f3n Queretana de Organizaciones Sociales, C\u00cdVICA A.C.; Jos\u00e9 Antonio Ugalde Guerrero, rector de la Universidad de Londres; e Itz\u00e9 M\u00e9ndez, miembro de C\u00cdVICA A.C. Con esta integraci\u00f3n.<\/p>\n","protected":false},"excerpt":{"rendered":"<p>El Municipio de Quer\u00e9taro instal\u00f3 la Comisi\u00f3n Municipal de Comercio Artesanal y Tur\u00edstico como resultado del ejercicio de participaci\u00f3n \u201cDi\u00e1logo Ciudadano: Comercio Artesanal en el Centro Hist\u00f3rico\u201d, realizado el pasado 15 de abril, este \u00f3rgano marca el inicio de una ruta orientada a la construcci\u00f3n de acuerdos, el orden en la actividad comercial y la generaci\u00f3n de condiciones de equidad.<\/p>\n<div class=\"h10\"><\/div>\n<p><a class=\"more-link2 flat\" href=\"https:\/\/elconspirador.com.mx\/?p=77709\">Leer m\u00e1s<\/a><\/p>\n","protected":false},"author":1,"featured_media":77710,"comment_status":"open","ping_status":"open","sticky":false,"template":"","format":"standard","meta":{"om_disable_all_campaigns":false,"_uf_show_specific_survey":0,"_uf_disable_surveys":false},"categories":[1],"tags":[],"aioseo_notices":[],"_links":{"self":[{"href":"https:\/\/elconspirador.com.mx\/index.php?rest_route=\/wp\/v2\/posts\/77709"}],"collection":[{"href":"https:\/\/elconspirador.com.mx\/index.php?rest_route=\/wp\/v2\/posts"}],"about":[{"href":"https:\/\/elconspirador.com.mx\/index.php?rest_route=\/wp\/v2\/types\/post"}],"author":[{"embeddable":true,"href":"https:\/\/elconspirador.com.mx\/index.php?rest_route=\/wp\/v2\/users\/1"}],"replies":[{"embeddable":true,"href":"https:\/\/elconspirador.com.mx\/index.php?rest_route=%2Fwp%2Fv2%2Fcomments&post=77709"}],"version-history":[{"count":1,"href":"https:\/\/elconspirador.com.mx\/index.php?rest_route=\/wp\/v2\/posts\/77709\/revisions"}],"predecessor-version":[{"id":77711,"href":"https:\/\/elconspirador.com.mx\/index.php?rest_route=\/wp\/v2\/posts\/77709\/revisions\/77711"}],"wp:featuredmedia":[{"embeddable":true,"href":"https:\/\/elconspirador.com.mx\/index.php?rest_route=\/wp\/v2\/media\/77710"}],"wp:attachment":[{"href":"https:\/\/elconspirador.com.mx\/index.php?rest_route=%2Fwp%2Fv2%2Fmedia&parent=77709"}],"wp:term":[{"taxonomy":"category","embeddable":true,"href":"https:\/\/elconspirador.com.mx\/index.php?rest_route=%2Fwp%2Fv2%2Fcategories&post=77709"},{"taxonomy":"post_tag","embeddable":true,"href":"https:\/\/elconspirador.com.mx\/index.php?rest_route=%2Fwp%2Fv2%2Ftags&post=77709"}],"curies":[{"name":"wp","href":"https:\/\/api.w.org\/{rel}","templated":true}]}}