{"id":77715,"date":"2026-04-30T09:24:23","date_gmt":"2026-04-30T15:24:23","guid":{"rendered":"https:\/\/elconspirador.com.mx\/?p=77715"},"modified":"2026-04-30T09:24:23","modified_gmt":"2026-04-30T15:24:23","slug":"estado-entregara-en-comodato-a-municipio-el-estadio-corregidora","status":"publish","type":"post","link":"https:\/\/elconspirador.com.mx\/?p=77715","title":{"rendered":"ESTADO ENTREGAR\u00c1 EN COMODATO A MUNICIPIO EL ESTADIO CORREGIDORA"},"content":{"rendered":"<p>La oficial mayor del gobierno estatal, Linda Luna Rangel, confirm\u00f3 que el gobierno del estado otorgar\u00e1 en comodato el Estadio Corregidora al municipio de Quer\u00e9taro por un periodo de dos meses, tiempo en el que no habr\u00e1 actividad futbol\u00edstica del equipo Gallos Blancos de Quer\u00e9taro.<\/p>\n<p>La funcionaria estatal explic\u00f3 que durante ese periodo el municipio ser\u00e1 responsable de la organizaci\u00f3n y operaci\u00f3n de las actividades que se desarrollen en el inmueble.<\/p>\n<p>\u201cSe le va a prestar al municipio de Quer\u00e9taro; los detalles se los dar\u00e1 el alcalde Felifer en algunos d\u00edas. Seguramente va a estar a cargo de \u00e9l todos los eventos pr\u00f3ximos\u201d.<\/p>\n<p>Luna Rangel adelant\u00f3 que el municipio contempla realizar diversas actividades relacionadas con el Mundial de Futbol, cuyo arranque est\u00e1 previsto para principios de junio.<\/p>\n<p>No obstante, aclar\u00f3 que ser\u00e1 exclusivamente el gobierno municipal quien determine la programaci\u00f3n y tipo de eventos que se llevar\u00e1n a cabo en el estadio durante el tiempo que permanezca bajo su administraci\u00f3n temporal.<\/p>\n<p>La oficial mayor reiter\u00f3 que el pr\u00e9stamo del inmueble coincide con la pausa en la actividad deportiva del club Gallos Blancos, lo que permitir\u00e1 el desarrollo de eventos alternativos en el recinto.<\/p>\n","protected":false},"excerpt":{"rendered":"<p>La oficial mayor del gobierno estatal, Linda Luna Rangel, confirm\u00f3 que el gobierno del estado otorgar\u00e1 en comodato el Estadio Corregidora al municipio de Quer\u00e9taro por un periodo de dos meses, tiempo en el que no habr\u00e1 actividad futbol\u00edstica del equipo Gallos Blancos de Quer\u00e9taro. La funcionaria estatal explic\u00f3 que durante ese periodo el municipio ser\u00e1 responsable de la organizaci\u00f3n<\/p>\n<div class=\"h10\"><\/div>\n<p><a class=\"more-link2 flat\" href=\"https:\/\/elconspirador.com.mx\/?p=77715\">Leer m\u00e1s<\/a><\/p>\n","protected":false},"author":1,"featured_media":77716,"comment_status":"open","ping_status":"open","sticky":false,"template":"","format":"standard","meta":{"om_disable_all_campaigns":false,"_uf_show_specific_survey":0,"_uf_disable_surveys":false},"categories":[1],"tags":[],"aioseo_notices":[],"_links":{"self":[{"href":"https:\/\/elconspirador.com.mx\/index.php?rest_route=\/wp\/v2\/posts\/77715"}],"collection":[{"href":"https:\/\/elconspirador.com.mx\/index.php?rest_route=\/wp\/v2\/posts"}],"about":[{"href":"https:\/\/elconspirador.com.mx\/index.php?rest_route=\/wp\/v2\/types\/post"}],"author":[{"embeddable":true,"href":"https:\/\/elconspirador.com.mx\/index.php?rest_route=\/wp\/v2\/users\/1"}],"replies":[{"embeddable":true,"href":"https:\/\/elconspirador.com.mx\/index.php?rest_route=%2Fwp%2Fv2%2Fcomments&post=77715"}],"version-history":[{"count":1,"href":"https:\/\/elconspirador.com.mx\/index.php?rest_route=\/wp\/v2\/posts\/77715\/revisions"}],"predecessor-version":[{"id":77717,"href":"https:\/\/elconspirador.com.mx\/index.php?rest_route=\/wp\/v2\/posts\/77715\/revisions\/77717"}],"wp:featuredmedia":[{"embeddable":true,"href":"https:\/\/elconspirador.com.mx\/index.php?rest_route=\/wp\/v2\/media\/77716"}],"wp:attachment":[{"href":"https:\/\/elconspirador.com.mx\/index.php?rest_route=%2Fwp%2Fv2%2Fmedia&parent=77715"}],"wp:term":[{"taxonomy":"category","embeddable":true,"href":"https:\/\/elconspirador.com.mx\/index.php?rest_route=%2Fwp%2Fv2%2Fcategories&post=77715"},{"taxonomy":"post_tag","embeddable":true,"href":"https:\/\/elconspirador.com.mx\/index.php?rest_route=%2Fwp%2Fv2%2Ftags&post=77715"}],"curies":[{"name":"wp","href":"https:\/\/api.w.org\/{rel}","templated":true}]}}