{"id":77718,"date":"2026-04-30T15:45:58","date_gmt":"2026-04-30T21:45:58","guid":{"rendered":"https:\/\/elconspirador.com.mx\/?p=77718"},"modified":"2026-04-30T15:45:58","modified_gmt":"2026-04-30T21:45:58","slug":"felifer-va-por-un-festival-sustentable","status":"publish","type":"post","link":"https:\/\/elconspirador.com.mx\/?p=77718","title":{"rendered":"FELIFER VA POR UN FESTIVAL SUSTENTABLE"},"content":{"rendered":"<p>Por instrucci\u00f3n del presidente municipal, Felifer Mac\u00edas, y en seguimiento al Plan Orden para mantener un municipio m\u00e1s limpio y ordenado, el Municipio de Quer\u00e9taro instalar\u00e1 50 contenedores para la separaci\u00f3n de residuos s\u00f3lidos en el Parque Bicentenario durante el Festival de Comunidades Extranjeras, con el objetivo de aprovechar mejor los materiales y reducir el impacto ambiental del evento.<\/p>\n<p>La secretaria de Medio Ambiente, Lupita Espinosa de los Reyes, se\u00f1al\u00f3 que esta acci\u00f3n responde al compromiso de la administraci\u00f3n municipal por impulsar una cultura de corresponsabilidad entre la ciudadan\u00eda, as\u00ed como generar conciencia y fomentar buenas pr\u00e1cticas en la separaci\u00f3n de residuos, lo que permite incrementar su recuperaci\u00f3n.<\/p>\n<p>Durante el festival se dispondr\u00e1n 50 contenedores distribuidos en 10 islas, adem\u00e1s de un \u00e1rea de tolvas para el manejo adecuado de los residuos. El operativo contar\u00e1 con personal especializado para la supervisi\u00f3n y recolecci\u00f3n de materiales reciclables, en coordinaci\u00f3n con el equipo de limpieza para garantizar el correcto funcionamiento del sistema.<\/p>\n<p>Los contenedores operar\u00e1n bajo un modelo de cinco categor\u00edas: reciclables, cart\u00f3n, residuos no reciclables, org\u00e1nicos y vidrio, lo que permitir\u00e1 optimizar el aprovechamiento de los materiales. Esta estrategia incluye capacitaci\u00f3n para personal operativo y concesionarios, as\u00ed como campa\u00f1as de sensibilizaci\u00f3n dirigidas a las y los asistentes.<\/p>\n<p>Esta acci\u00f3n responde al compromiso del alcalde Felifer Mac\u00edas por fortalecer la gesti\u00f3n integral de residuos, mejorar la infraestructura para su recolecci\u00f3n y promover la participaci\u00f3n ciudadana con pr\u00e1cticas responsables como la correcta separaci\u00f3n, el uso adecuado de los contenedores y el cuidado de los espacios p\u00fablicos.<\/p>\n<p>El Municipio de Quer\u00e9taro refrenda as\u00ed su compromiso con el desarrollo sostenible y la protecci\u00f3n del entorno, al consolidar al Festival de Comunidades Extranjeras como un espacio de convivencia cultural que avanza hacia un modelo m\u00e1s responsable con el medio ambiente.<\/p>\n","protected":false},"excerpt":{"rendered":"<p>Por instrucci\u00f3n del presidente municipal, Felifer Mac\u00edas, y en seguimiento al Plan Orden para mantener un municipio m\u00e1s limpio y ordenado, el Municipio de Quer\u00e9taro instalar\u00e1 50 contenedores para la separaci\u00f3n de residuos s\u00f3lidos en el Parque Bicentenario durante el Festival de Comunidades Extranjeras, con el objetivo de aprovechar mejor los materiales y reducir el impacto ambiental del evento. La<\/p>\n<div class=\"h10\"><\/div>\n<p><a class=\"more-link2 flat\" href=\"https:\/\/elconspirador.com.mx\/?p=77718\">Leer m\u00e1s<\/a><\/p>\n","protected":false},"author":1,"featured_media":77719,"comment_status":"open","ping_status":"open","sticky":false,"template":"","format":"standard","meta":{"om_disable_all_campaigns":false,"_uf_show_specific_survey":0,"_uf_disable_surveys":false},"categories":[1],"tags":[],"aioseo_notices":[],"_links":{"self":[{"href":"https:\/\/elconspirador.com.mx\/index.php?rest_route=\/wp\/v2\/posts\/77718"}],"collection":[{"href":"https:\/\/elconspirador.com.mx\/index.php?rest_route=\/wp\/v2\/posts"}],"about":[{"href":"https:\/\/elconspirador.com.mx\/index.php?rest_route=\/wp\/v2\/types\/post"}],"author":[{"embeddable":true,"href":"https:\/\/elconspirador.com.mx\/index.php?rest_route=\/wp\/v2\/users\/1"}],"replies":[{"embeddable":true,"href":"https:\/\/elconspirador.com.mx\/index.php?rest_route=%2Fwp%2Fv2%2Fcomments&post=77718"}],"version-history":[{"count":1,"href":"https:\/\/elconspirador.com.mx\/index.php?rest_route=\/wp\/v2\/posts\/77718\/revisions"}],"predecessor-version":[{"id":77720,"href":"https:\/\/elconspirador.com.mx\/index.php?rest_route=\/wp\/v2\/posts\/77718\/revisions\/77720"}],"wp:featuredmedia":[{"embeddable":true,"href":"https:\/\/elconspirador.com.mx\/index.php?rest_route=\/wp\/v2\/media\/77719"}],"wp:attachment":[{"href":"https:\/\/elconspirador.com.mx\/index.php?rest_route=%2Fwp%2Fv2%2Fmedia&parent=77718"}],"wp:term":[{"taxonomy":"category","embeddable":true,"href":"https:\/\/elconspirador.com.mx\/index.php?rest_route=%2Fwp%2Fv2%2Fcategories&post=77718"},{"taxonomy":"post_tag","embeddable":true,"href":"https:\/\/elconspirador.com.mx\/index.php?rest_route=%2Fwp%2Fv2%2Ftags&post=77718"}],"curies":[{"name":"wp","href":"https:\/\/api.w.org\/{rel}","templated":true}]}}